{"id":5493,"date":"2025-09-28T18:07:45","date_gmt":"2025-09-28T16:07:45","guid":{"rendered":"https:\/\/www.souillacenjazz.fr\/new\/?p=5493"},"modified":"2026-03-21T23:14:34","modified_gmt":"2026-03-21T22:14:34","slug":"carmen-souza-portingles","status":"publish","type":"post","link":"https:\/\/www.souillacenjazz.fr\/new\/carmen-souza-portingles\/","title":{"rendered":"CARMEN SOUZA PORT&#8217;INGL\u00caS"},"content":{"rendered":"\n<p><strong><strong><strong>Celle que l\u2019on appelle souvent l\u2019Ella Fitzgerald du Cap Vert revient avec un nouvel album et concert o\u00f9 s\u2019illustre son talent incomparable, entre rythmes traditionnels africains, m\u00e9lodies capverdiennes et jazz contemporain.<\/strong><\/strong><\/strong><\/p>\n\n\n\n<div class=\"wp-block-columns is-layout-flex wp-container-core-columns-is-layout-9d6595d7 wp-block-columns-is-layout-flex\">\n<div class=\"wp-block-column is-layout-flow wp-block-column-is-layout-flow\" style=\"flex-basis:100%\">\n<figure class=\"wp-block-image size-full\"><a href=\"https:\/\/theatredelusine-saintcere.com\/spectacles\/1185\/carmen-souza-portingles\/\" target=\"_blank\" rel=\" noreferrer noopener\"><img loading=\"lazy\" decoding=\"async\" width=\"520\" height=\"90\" src=\"http:\/\/www.souillacenjazz.fr\/new\/wp-content\/uploads\/2025\/09\/scenograph-2025.jpg\" alt=\"\" class=\"wp-image-5486\" srcset=\"https:\/\/www.souillacenjazz.fr\/new\/wp-content\/uploads\/2025\/09\/scenograph-2025.jpg 520w, https:\/\/www.souillacenjazz.fr\/new\/wp-content\/uploads\/2025\/09\/scenograph-2025-300x52.jpg 300w, https:\/\/www.souillacenjazz.fr\/new\/wp-content\/uploads\/2025\/09\/scenograph-2025-500x87.jpg 500w\" sizes=\"auto, (max-width: 520px) 100vw, 520px\" \/><\/a><\/figure>\n<\/div>\n<\/div>\n\n\n\n<p class=\"has-x-large-font-size\"><strong><a href=\"https:\/\/theatredelusine-saintcere.com\/spectacles\/1185\/carmen-souza-portingles\/\">samedi 21 mars 2026<\/a><\/strong><\/p>\n\n\n\n<p class=\"has-vivid-cyan-blue-color has-text-color has-link-color has-large-font-size wp-elements-723c3bf13fe985641da9f6b382c08607\">En partenariat avec Souillac en Jazz<\/p>\n\n\n\n<p><\/p>\n","protected":false},"excerpt":{"rendered":"<p>samedi 21 mars 2026 \u00e0 20h30 au Th\u00e9\u00e2tre de l&#8217;Usine \u00e0 Saint C\u00e9r\u00e9<\/p>\n","protected":false},"author":2,"featured_media":5494,"comment_status":"closed","ping_status":"closed","sticky":false,"template":"","format":"standard","meta":{"om_disable_all_campaigns":false,"cybocfi_hide_featured_image":"yes","_vp_format_video_url":"","_vp_image_focal_point":[],"footnotes":""},"categories":[112],"tags":[],"class_list":["post-5493","post","type-post","status-publish","format-standard","has-post-thumbnail","hentry","category-archives-2026"],"featured_image_urls":{"full":["https:\/\/www.souillacenjazz.fr\/new\/wp-content\/uploads\/2025\/09\/carmen-souza.jpeg",426,320,false],"thumbnail":["https:\/\/www.souillacenjazz.fr\/new\/wp-content\/uploads\/2025\/09\/carmen-souza-150x150.jpeg",150,150,true],"medium":["https:\/\/www.souillacenjazz.fr\/new\/wp-content\/uploads\/2025\/09\/carmen-souza-300x225.jpeg",300,225,true],"medium_large":["https:\/\/www.souillacenjazz.fr\/new\/wp-content\/uploads\/2025\/09\/carmen-souza.jpeg",426,320,false],"large":["https:\/\/www.souillacenjazz.fr\/new\/wp-content\/uploads\/2025\/09\/carmen-souza.jpeg",426,320,false],"1536x1536":["https:\/\/www.souillacenjazz.fr\/new\/wp-content\/uploads\/2025\/09\/carmen-souza.jpeg",426,320,false],"2048x2048":["https:\/\/www.souillacenjazz.fr\/new\/wp-content\/uploads\/2025\/09\/carmen-souza.jpeg",426,320,false],"vp_sm":["https:\/\/www.souillacenjazz.fr\/new\/wp-content\/uploads\/2025\/09\/carmen-souza.jpeg",426,320,false],"vp_md":["https:\/\/www.souillacenjazz.fr\/new\/wp-content\/uploads\/2025\/09\/carmen-souza.jpeg",426,320,false],"vp_lg":["https:\/\/www.souillacenjazz.fr\/new\/wp-content\/uploads\/2025\/09\/carmen-souza.jpeg",426,320,false],"vp_xl":["https:\/\/www.souillacenjazz.fr\/new\/wp-content\/uploads\/2025\/09\/carmen-souza.jpeg",426,320,false],"vp_sm_popup":["https:\/\/www.souillacenjazz.fr\/new\/wp-content\/uploads\/2025\/09\/carmen-souza.jpeg",426,320,false],"vp_md_popup":["https:\/\/www.souillacenjazz.fr\/new\/wp-content\/uploads\/2025\/09\/carmen-souza.jpeg",426,320,false],"vp_xl_popup":["https:\/\/www.souillacenjazz.fr\/new\/wp-content\/uploads\/2025\/09\/carmen-souza.jpeg",426,320,false],"morenews-featured":["https:\/\/www.souillacenjazz.fr\/new\/wp-content\/uploads\/2025\/09\/carmen-souza.jpeg",426,320,false],"morenews-large":["https:\/\/www.souillacenjazz.fr\/new\/wp-content\/uploads\/2025\/09\/carmen-souza.jpeg",426,320,false],"morenews-medium":["https:\/\/www.souillacenjazz.fr\/new\/wp-content\/uploads\/2025\/09\/carmen-souza.jpeg",426,320,false]},"author_info":{"display_name":"Yves Reygner","author_link":"https:\/\/www.souillacenjazz.fr\/new\/author\/yves\/"},"category_info":"<a href=\"https:\/\/www.souillacenjazz.fr\/new\/category\/archives-2026\/\" rel=\"category tag\">archives 2026<\/a>","tag_info":"archives 2026","comment_count":"0","_links":{"self":[{"href":"https:\/\/www.souillacenjazz.fr\/new\/wp-json\/wp\/v2\/posts\/5493","targetHints":{"allow":["GET"]}}],"collection":[{"href":"https:\/\/www.souillacenjazz.fr\/new\/wp-json\/wp\/v2\/posts"}],"about":[{"href":"https:\/\/www.souillacenjazz.fr\/new\/wp-json\/wp\/v2\/types\/post"}],"author":[{"embeddable":true,"href":"https:\/\/www.souillacenjazz.fr\/new\/wp-json\/wp\/v2\/users\/2"}],"replies":[{"embeddable":true,"href":"https:\/\/www.souillacenjazz.fr\/new\/wp-json\/wp\/v2\/comments?post=5493"}],"version-history":[{"count":3,"href":"https:\/\/www.souillacenjazz.fr\/new\/wp-json\/wp\/v2\/posts\/5493\/revisions"}],"predecessor-version":[{"id":5503,"href":"https:\/\/www.souillacenjazz.fr\/new\/wp-json\/wp\/v2\/posts\/5493\/revisions\/5503"}],"wp:featuredmedia":[{"embeddable":true,"href":"https:\/\/www.souillacenjazz.fr\/new\/wp-json\/wp\/v2\/media\/5494"}],"wp:attachment":[{"href":"https:\/\/www.souillacenjazz.fr\/new\/wp-json\/wp\/v2\/media?parent=5493"}],"wp:term":[{"taxonomy":"category","embeddable":true,"href":"https:\/\/www.souillacenjazz.fr\/new\/wp-json\/wp\/v2\/categories?post=5493"},{"taxonomy":"post_tag","embeddable":true,"href":"https:\/\/www.souillacenjazz.fr\/new\/wp-json\/wp\/v2\/tags?post=5493"}],"curies":[{"name":"wp","href":"https:\/\/api.w.org\/{rel}","templated":true}]}}