{"id":425,"date":"2022-02-25T16:02:48","date_gmt":"2022-02-25T15:02:48","guid":{"rendered":"https:\/\/www.souillacenjazz.fr\/new\/?p=425"},"modified":"2023-08-28T12:08:22","modified_gmt":"2023-08-28T10:08:22","slug":"changer-le-monde","status":"publish","type":"post","link":"https:\/\/www.souillacenjazz.fr\/new\/changer-le-monde\/","title":{"rendered":"Changer le monde"},"content":{"rendered":"\n<p><em>Un film de Frank Cassenti&nbsp;<br>83min \u00a9 ol\u00e9o films, jazz \u00e0 Porquerolles, les films du soleil 2020&nbsp;<\/em><\/p>\n\n\n\n<p><strong><em>suivi d&#8217;un d\u00e9bat en pr\u00e9sence du r\u00e9alisateur<\/em>.<\/strong><\/p>\n\n\n\n<p>En partant du discours l\u00e9gendaire de Martin Luther King prononc\u00e9 devant la foule en 1963 \u00ab&nbsp;I Have A Dream&nbsp;\u00bb&nbsp; r\u00eave d\u2019un monde meilleur, des artistes contemporains de diff\u00e9rentes cultures tentent de r\u00e9pondre aujourd\u2019hui \u00e0 cette question lancinante: La Musique peut-elle changer le monde&nbsp;? Le film qui est le fruit d\u2019une vie \u00e0 partir de plusieurs centaines d\u2019heures de tournage depuis les ann\u00e9es 1980, est construit comme un voyage initiatique \u00e0 2 voix. Celle de son r\u00e9alisateur Frank Cassenti et celle du l\u00e9gendaire musicien Archie Shepp un g\u00e9ant de la musique afro-am\u00e9ricaine du XX si\u00e8cle dont la voix se fait entendre jusqu\u2019\u00e0 aujourd\u2019hui. Auxquelles on peut aussi ajouter l\u2019\u00eele de Porquerolles cadre de ces rencontres humaines et musicales tel un des grands lieux mystiques de p\u00e8lerinage.<\/p>\n\n\n\n<p>Frank Cassenti est un sc\u00e9nariste, homme de th\u00e9\u00e2tre, r\u00e9alisateur fran\u00e7ais tr\u00e8s prim\u00e9 pour le cin\u00e9ma et la t\u00e9l\u00e9vision \u00e0 la filmographie impressionnante. En ce qui concerne les films documentaires li\u00e9s au jazz beaucoup ont \u00e9t\u00e9 des jalons marquants. On peut citer parmi d\u2019autres dont certains diffus\u00e9s \u00e0 Souillac: Lettre \u00e0 Michel Petrucciani (1983), Archie Shepp, je suis jazz c\u2019est ma vie (1984), Mystery Mister Sun Ra (1984), Miles In Paris (1989) et bien d\u2019autres,<\/p>\n\n\n\n<p><em>Avec Archie Shepp (USA) \/ Randy Weston (USA) \/ Majid Bekkas (Maroc) \/ Marc Ribot (USA) \/ Hamid Drake (USA) \/ Nicole Mitchell (USA) \/ Desdamona (USA) \/ BCUC (Afrique du Sud) \/ Andr\u00e9 Minvielle (France) \/ Lula Pena (Portugal) \/ Cuarteto Cedron (Argentine) \/ Monica Passos (Br\u00e9sil) \/ Hermeto Pascoal (Br\u00e9sil) \/ \u2026<\/em><\/p>\n\n\n\n<div class=\"wp-block-blockspare-shape-divider alignfull blockspare-81b7e454-bc78-4\"><style>.blockspare-81b7e454-bc78-4 .blockspare-svg-wrapper{color:#ff6900;height:30px;padding-top:0px;padding-right:0px;padding-bottom:0px;padding-left:0px;margin-top:30px;margin-bottom:30px}<\/style><div class=\"blockspare-blocks blockspare-svg-wrapper has-width-1\"><div class=\"blockspare-svg-svg-inner blockspare-separator-wrapper\"><svg class=\"grow\" preserveAspectRatio=\"none\" aria-hidden=\"true\" xmlns=\"http:\/\/www.w3.org\/2000\/svg\" viewBox=\"0 0 630 80\"><path class=\"st1\" d=\"M261.2 64.9C367.6 54.7 499.6 39.7 630 18.5V0C497.8 31.4 363.7 52 261.2 64.9z\"><\/path><path class=\"st2\" d=\"M261.2 64.9c-41 3.9-78.2 7.1-110 9.6 13.2-.4 27-.9 41.5-1.6C315 67.7 478.4 59.4 630 34.8V18.5C499.1 39.8 367.3 54.8 261.2 64.9z\"><\/path><path d=\"M192.7 72.9c-14.5.7-28.3 1.2-41.5 1.6C59.9 77.7 0 77.4 0 77.4V80h630V33.8C478.4 58.4 315 67.7 192.7 72.9z\"><\/path><\/svg><\/div><\/div><\/div>\n\n\n\n<div class=\"wp-block-blockspare-shape-divider alignfull blockspare-15e34288-7b49-4\"><style>.blockspare-15e34288-7b49-4 .blockspare-svg-wrapper{color:#ff6900;height:30px;padding-top:0px;padding-right:0px;padding-bottom:0px;padding-left:0px;margin-top:-30px;margin-bottom:30px}<\/style><div class=\"blockspare-blocks blockspare-svg-wrapper is-vertically-flipped is-horizontally-flipped has-width-1\"><div class=\"blockspare-svg-svg-inner blockspare-separator-wrapper\"><svg class=\"grow\" preserveAspectRatio=\"none\" aria-hidden=\"true\" xmlns=\"http:\/\/www.w3.org\/2000\/svg\" viewBox=\"0 0 630 80\"><path class=\"st1\" d=\"M261.2 64.9C367.6 54.7 499.6 39.7 630 18.5V0C497.8 31.4 363.7 52 261.2 64.9z\"><\/path><path class=\"st2\" d=\"M261.2 64.9c-41 3.9-78.2 7.1-110 9.6 13.2-.4 27-.9 41.5-1.6C315 67.7 478.4 59.4 630 34.8V18.5C499.1 39.8 367.3 54.8 261.2 64.9z\"><\/path><path d=\"M192.7 72.9c-14.5.7-28.3 1.2-41.5 1.6C59.9 77.7 0 77.4 0 77.4V80h630V33.8C478.4 58.4 315 67.7 192.7 72.9z\"><\/path><\/svg><\/div><\/div><\/div>\n\n\n\n<figure class=\"wp-block-embed is-type-video is-provider-youtube wp-block-embed-youtube wp-embed-aspect-16-9 wp-has-aspect-ratio\"><div class=\"wp-block-embed__wrapper\">\n<iframe loading=\"lazy\" title=\"Changer le monde de Frank Cassenti\" width=\"640\" height=\"360\" src=\"https:\/\/www.youtube.com\/embed\/Zj0DEi67XFQ?feature=oembed\" frameborder=\"0\" allow=\"accelerometer; autoplay; clipboard-write; encrypted-media; gyroscope; picture-in-picture; web-share\" referrerpolicy=\"strict-origin-when-cross-origin\" allowfullscreen><\/iframe>\n<\/div><\/figure>\n","protected":false},"excerpt":{"rendered":"<p>Samedi 16 juillet 2022 \u00e0 21h au cin\u00e9ma Le Paris de Souillac<\/p>\n","protected":false},"author":1,"featured_media":426,"comment_status":"closed","ping_status":"closed","sticky":false,"template":"","format":"standard","meta":{"om_disable_all_campaigns":false,"cybocfi_hide_featured_image":"","_vp_format_video_url":"","_vp_image_focal_point":[],"footnotes":""},"categories":[87],"tags":[24],"class_list":["post-425","post","type-post","status-publish","format-standard","has-post-thumbnail","hentry","category-archives-2022","tag-film"],"featured_image_urls":{"full":["https:\/\/www.souillacenjazz.fr\/new\/wp-content\/uploads\/2022\/02\/4009451.jpg",920,1358,false],"thumbnail":["https:\/\/www.souillacenjazz.fr\/new\/wp-content\/uploads\/2022\/02\/4009451-150x150.jpg",150,150,true],"medium":["https:\/\/www.souillacenjazz.fr\/new\/wp-content\/uploads\/2022\/02\/4009451-203x300.jpg",203,300,true],"medium_large":["https:\/\/www.souillacenjazz.fr\/new\/wp-content\/uploads\/2022\/02\/4009451-768x1134.jpg",640,945,true],"large":["https:\/\/www.souillacenjazz.fr\/new\/wp-content\/uploads\/2022\/02\/4009451-694x1024.jpg",640,944,true],"1536x1536":["https:\/\/www.souillacenjazz.fr\/new\/wp-content\/uploads\/2022\/02\/4009451.jpg",920,1358,false],"2048x2048":["https:\/\/www.souillacenjazz.fr\/new\/wp-content\/uploads\/2022\/02\/4009451.jpg",920,1358,false],"vp_sm":["https:\/\/www.souillacenjazz.fr\/new\/wp-content\/uploads\/2022\/02\/4009451.jpg",500,738,false],"vp_md":["https:\/\/www.souillacenjazz.fr\/new\/wp-content\/uploads\/2022\/02\/4009451.jpg",800,1181,false],"vp_lg":["https:\/\/www.souillacenjazz.fr\/new\/wp-content\/uploads\/2022\/02\/4009451.jpg",920,1358,false],"vp_xl":["https:\/\/www.souillacenjazz.fr\/new\/wp-content\/uploads\/2022\/02\/4009451.jpg",920,1358,false],"vp_sm_popup":["https:\/\/www.souillacenjazz.fr\/new\/wp-content\/uploads\/2022\/02\/4009451.jpg",500,738,false],"vp_md_popup":["https:\/\/www.souillacenjazz.fr\/new\/wp-content\/uploads\/2022\/02\/4009451.jpg",800,1181,false],"vp_xl_popup":["https:\/\/www.souillacenjazz.fr\/new\/wp-content\/uploads\/2022\/02\/4009451.jpg",920,1358,false],"morenews-featured":["https:\/\/www.souillacenjazz.fr\/new\/wp-content\/uploads\/2022\/02\/4009451.jpg",920,1358,false],"morenews-large":["https:\/\/www.souillacenjazz.fr\/new\/wp-content\/uploads\/2022\/02\/4009451-825x575.jpg",825,575,true],"morenews-medium":["https:\/\/www.souillacenjazz.fr\/new\/wp-content\/uploads\/2022\/02\/4009451-590x410.jpg",590,410,true]},"author_info":{"display_name":"Souillac en Jazz","author_link":"https:\/\/www.souillacenjazz.fr\/new\/author\/acide\/"},"category_info":"<a href=\"https:\/\/www.souillacenjazz.fr\/new\/category\/archives\/archives-2022\/\" rel=\"category tag\">Archives 2022<\/a>","tag_info":"Archives 2022","comment_count":"0","_links":{"self":[{"href":"https:\/\/www.souillacenjazz.fr\/new\/wp-json\/wp\/v2\/posts\/425","targetHints":{"allow":["GET"]}}],"collection":[{"href":"https:\/\/www.souillacenjazz.fr\/new\/wp-json\/wp\/v2\/posts"}],"about":[{"href":"https:\/\/www.souillacenjazz.fr\/new\/wp-json\/wp\/v2\/types\/post"}],"author":[{"embeddable":true,"href":"https:\/\/www.souillacenjazz.fr\/new\/wp-json\/wp\/v2\/users\/1"}],"replies":[{"embeddable":true,"href":"https:\/\/www.souillacenjazz.fr\/new\/wp-json\/wp\/v2\/comments?post=425"}],"version-history":[{"count":4,"href":"https:\/\/www.souillacenjazz.fr\/new\/wp-json\/wp\/v2\/posts\/425\/revisions"}],"predecessor-version":[{"id":3716,"href":"https:\/\/www.souillacenjazz.fr\/new\/wp-json\/wp\/v2\/posts\/425\/revisions\/3716"}],"wp:featuredmedia":[{"embeddable":true,"href":"https:\/\/www.souillacenjazz.fr\/new\/wp-json\/wp\/v2\/media\/426"}],"wp:attachment":[{"href":"https:\/\/www.souillacenjazz.fr\/new\/wp-json\/wp\/v2\/media?parent=425"}],"wp:term":[{"taxonomy":"category","embeddable":true,"href":"https:\/\/www.souillacenjazz.fr\/new\/wp-json\/wp\/v2\/categories?post=425"},{"taxonomy":"post_tag","embeddable":true,"href":"https:\/\/www.souillacenjazz.fr\/new\/wp-json\/wp\/v2\/tags?post=425"}],"curies":[{"name":"wp","href":"https:\/\/api.w.org\/{rel}","templated":true}]}}