{"id":4150,"date":"2023-09-14T14:38:08","date_gmt":"2023-09-14T12:38:08","guid":{"rendered":"https:\/\/www.souillacenjazz.fr\/new\/?p=4150"},"modified":"2023-10-01T11:45:46","modified_gmt":"2023-10-01T09:45:46","slug":"le-roc-concert-dans-leglise-le-30-septembre","status":"publish","type":"post","link":"https:\/\/www.souillacenjazz.fr\/new\/le-roc-concert-dans-leglise-le-30-septembre\/","title":{"rendered":"Le Roc : concert"},"content":{"rendered":"\n<div class=\"wp-block-columns is-layout-flex wp-container-core-columns-is-layout-9d6595d7 wp-block-columns-is-layout-flex\">\n<div class=\"wp-block-column is-layout-flow wp-block-column-is-layout-flow\" style=\"flex-basis:250px\">\n<figure class=\"wp-block-image size-full is-resized\"><img loading=\"lazy\" decoding=\"async\" src=\"https:\/\/www.souillacenjazz.fr\/new\/wp-content\/uploads\/2023\/09\/Hady-Mouallem-2-2.jpg\" alt=\"\" class=\"wp-image-4162\" style=\"width:239px;height:220px\" width=\"239\" height=\"220\" srcset=\"https:\/\/www.souillacenjazz.fr\/new\/wp-content\/uploads\/2023\/09\/Hady-Mouallem-2-2.jpg 416w, https:\/\/www.souillacenjazz.fr\/new\/wp-content\/uploads\/2023\/09\/Hady-Mouallem-2-2-300x277.jpg 300w\" sizes=\"auto, (max-width: 239px) 100vw, 239px\" \/><\/figure>\n<\/div>\n\n\n\n<div class=\"wp-block-column is-layout-flow wp-block-column-is-layout-flow\">\n<p><br><br><em>L\u2019association Le Roc Solidaire a le tr\u00e8s grand plaisir de vous pr\u00e9senter pour ce concert exceptionnel en l\u2019\u00c9glise Saint Roch : Hady MOUALLEM, talentueux violoniste de jazz hollandais fra\u00eechement install\u00e9 \u00e0 Souillac. Hady a notamment jou\u00e9 aux c\u00f4t\u00e9s de grandes figures du Jazz comme St\u00e9phane Grappelli, Stochelo Rosenberg ou encore Fapy Lafertin !<\/em><\/p>\n<\/div>\n<\/div>\n\n\n\n<p><em>Il invite \u00e0 jouer avec lui le trio manouche d&#8217;exception de Benjamin BOBENRIETH qui s&#8217;est produit dans de nombreuses salles et festivals. Le groupe, qui prend un malin plaisir \u00e0 jouer d\u00e9gage une \u00e9nergie communicative aupr\u00e8s du public. Il tient son originalit\u00e9 de sa capacit\u00e9 \u00e0 imprimer une couleur tr\u00e8s personnelle \u00e0 tout ce qu&#8217;il joue. Que ce soit de la musique de Django Reinhardt, dans la plus pure tradition du Jazz Manouche, jusqu\u2019\u00e0 des reprises de Piaf ou de Nougaro en passant par de nombreuses compositions tr\u00e8s originales. Leurs influences multiples allant de la musique classique \u00e0 la musique de film en passant par le jazz Am\u00e9ricain ou des musiques actuelles, cr\u00e9ent un r\u00e9pertoire qui donne acc\u00e8s \u00e0 un univers original et qui invite l&#8217;auditeur au voyage ! La compl\u00e9mentarit\u00e9 et l\u2019\u00e9ventail de jeu du trio associ\u00e9s au d\u00e9li\u00e9 cr\u00e9atif d\u2019Hady Mouallem promettent une soir\u00e9e exceptionnelle.<\/em><\/p>\n\n\n\n<p><em><strong>Hady Mouallem<\/strong> : violon<\/em><\/p>\n\n\n\n<p><em><strong>Benjamin Bobenrieth<\/strong> : guitare solo<\/em><\/p>\n\n\n\n<p><em><strong>Ludovic Machane<\/strong> : guitare rythmique<\/em><\/p>\n\n\n\n<p><em><strong>Vincent Hemery<\/strong> : contrebasse<\/em><\/p>\n","protected":false},"excerpt":{"rendered":"<p>Samedi 30 septembre \u00e0 20h30 dans l&#8217;\u00e9glise du Roc<\/p>\n","protected":false},"author":2,"featured_media":4154,"comment_status":"closed","ping_status":"closed","sticky":false,"template":"","format":"standard","meta":{"om_disable_all_campaigns":false,"cybocfi_hide_featured_image":"yes","_vp_format_video_url":"","_vp_image_focal_point":[],"footnotes":""},"categories":[88],"tags":[],"class_list":["post-4150","post","type-post","status-publish","format-standard","has-post-thumbnail","hentry","category-archives-2023"],"featured_image_urls":{"full":["https:\/\/www.souillacenjazz.fr\/new\/wp-content\/uploads\/2023\/09\/Hady-Mouallem.jpg",326,365,false],"thumbnail":["https:\/\/www.souillacenjazz.fr\/new\/wp-content\/uploads\/2023\/09\/Hady-Mouallem-150x150.jpg",150,150,true],"medium":["https:\/\/www.souillacenjazz.fr\/new\/wp-content\/uploads\/2023\/09\/Hady-Mouallem-268x300.jpg",268,300,true],"medium_large":["https:\/\/www.souillacenjazz.fr\/new\/wp-content\/uploads\/2023\/09\/Hady-Mouallem.jpg",326,365,false],"large":["https:\/\/www.souillacenjazz.fr\/new\/wp-content\/uploads\/2023\/09\/Hady-Mouallem.jpg",326,365,false],"1536x1536":["https:\/\/www.souillacenjazz.fr\/new\/wp-content\/uploads\/2023\/09\/Hady-Mouallem.jpg",326,365,false],"2048x2048":["https:\/\/www.souillacenjazz.fr\/new\/wp-content\/uploads\/2023\/09\/Hady-Mouallem.jpg",326,365,false],"vp_sm":["https:\/\/www.souillacenjazz.fr\/new\/wp-content\/uploads\/2023\/09\/Hady-Mouallem.jpg",326,365,false],"vp_md":["https:\/\/www.souillacenjazz.fr\/new\/wp-content\/uploads\/2023\/09\/Hady-Mouallem.jpg",326,365,false],"vp_lg":["https:\/\/www.souillacenjazz.fr\/new\/wp-content\/uploads\/2023\/09\/Hady-Mouallem.jpg",326,365,false],"vp_xl":["https:\/\/www.souillacenjazz.fr\/new\/wp-content\/uploads\/2023\/09\/Hady-Mouallem.jpg",326,365,false],"vp_sm_popup":["https:\/\/www.souillacenjazz.fr\/new\/wp-content\/uploads\/2023\/09\/Hady-Mouallem.jpg",326,365,false],"vp_md_popup":["https:\/\/www.souillacenjazz.fr\/new\/wp-content\/uploads\/2023\/09\/Hady-Mouallem.jpg",326,365,false],"vp_xl_popup":["https:\/\/www.souillacenjazz.fr\/new\/wp-content\/uploads\/2023\/09\/Hady-Mouallem.jpg",326,365,false],"morenews-featured":["https:\/\/www.souillacenjazz.fr\/new\/wp-content\/uploads\/2023\/09\/Hady-Mouallem.jpg",326,365,false],"morenews-large":["https:\/\/www.souillacenjazz.fr\/new\/wp-content\/uploads\/2023\/09\/Hady-Mouallem.jpg",326,365,false],"morenews-medium":["https:\/\/www.souillacenjazz.fr\/new\/wp-content\/uploads\/2023\/09\/Hady-Mouallem.jpg",326,365,false]},"author_info":{"display_name":"Yves Reygner","author_link":"https:\/\/www.souillacenjazz.fr\/new\/author\/yves\/"},"category_info":"<a href=\"https:\/\/www.souillacenjazz.fr\/new\/category\/archives\/archives-2023\/\" rel=\"category tag\">Archives 2023<\/a>","tag_info":"Archives 2023","comment_count":"0","_links":{"self":[{"href":"https:\/\/www.souillacenjazz.fr\/new\/wp-json\/wp\/v2\/posts\/4150","targetHints":{"allow":["GET"]}}],"collection":[{"href":"https:\/\/www.souillacenjazz.fr\/new\/wp-json\/wp\/v2\/posts"}],"about":[{"href":"https:\/\/www.souillacenjazz.fr\/new\/wp-json\/wp\/v2\/types\/post"}],"author":[{"embeddable":true,"href":"https:\/\/www.souillacenjazz.fr\/new\/wp-json\/wp\/v2\/users\/2"}],"replies":[{"embeddable":true,"href":"https:\/\/www.souillacenjazz.fr\/new\/wp-json\/wp\/v2\/comments?post=4150"}],"version-history":[{"count":7,"href":"https:\/\/www.souillacenjazz.fr\/new\/wp-json\/wp\/v2\/posts\/4150\/revisions"}],"predecessor-version":[{"id":4217,"href":"https:\/\/www.souillacenjazz.fr\/new\/wp-json\/wp\/v2\/posts\/4150\/revisions\/4217"}],"wp:featuredmedia":[{"embeddable":true,"href":"https:\/\/www.souillacenjazz.fr\/new\/wp-json\/wp\/v2\/media\/4154"}],"wp:attachment":[{"href":"https:\/\/www.souillacenjazz.fr\/new\/wp-json\/wp\/v2\/media?parent=4150"}],"wp:term":[{"taxonomy":"category","embeddable":true,"href":"https:\/\/www.souillacenjazz.fr\/new\/wp-json\/wp\/v2\/categories?post=4150"},{"taxonomy":"post_tag","embeddable":true,"href":"https:\/\/www.souillacenjazz.fr\/new\/wp-json\/wp\/v2\/tags?post=4150"}],"curies":[{"name":"wp","href":"https:\/\/api.w.org\/{rel}","templated":true}]}}