{"id":3759,"date":"2023-08-30T11:28:47","date_gmt":"2023-08-30T09:28:47","guid":{"rendered":"https:\/\/www.souillacenjazz.fr\/new\/?p=3759"},"modified":"2024-09-30T20:47:47","modified_gmt":"2024-09-30T18:47:47","slug":"rhizottome","status":"publish","type":"post","link":"https:\/\/www.souillacenjazz.fr\/new\/rhizottome\/","title":{"rendered":"Rhizottome"},"content":{"rendered":"\n<p class=\"has-large-font-size\"><a href=\"https:\/\/www.cauvaldor.fr\/culture-patrimoine\/culture\/resurgence-vii-construction-vivante\/\" data-type=\"link\" data-id=\"https:\/\/www.cauvaldor.fr\/culture-patrimoine\/culture\/resurgence-vii-construction-vivante\/\" target=\"_blank\" rel=\"noreferrer noopener\">Dimanche 15 octobre 2023 \u00e0 18h <\/a><\/p>\n\n\n\n<figure class=\"wp-block-image size-full is-resized\"><img loading=\"lazy\" decoding=\"async\" width=\"702\" height=\"992\" src=\"https:\/\/www.souillacenjazz.fr\/new\/wp-content\/uploads\/2023\/10\/LOUPIAC-CONCERT-MALHERBOLOGIE-1.jpg\" alt=\"\" class=\"wp-image-4351\" style=\"width:371px;height:525px\" srcset=\"https:\/\/www.souillacenjazz.fr\/new\/wp-content\/uploads\/2023\/10\/LOUPIAC-CONCERT-MALHERBOLOGIE-1.jpg 702w, https:\/\/www.souillacenjazz.fr\/new\/wp-content\/uploads\/2023\/10\/LOUPIAC-CONCERT-MALHERBOLOGIE-1-212x300.jpg 212w, https:\/\/www.souillacenjazz.fr\/new\/wp-content\/uploads\/2023\/10\/LOUPIAC-CONCERT-MALHERBOLOGIE-1-500x707.jpg 500w\" sizes=\"auto, (max-width: 702px) 100vw, 702px\" \/><\/figure>\n\n\n\n<p><strong>Le festival <em>R\u00e9surgence <\/em>revient pour une nouvelle \u00e9dition<\/strong> et met en lumi\u00e8re la Culture et l\u2019Histoire de la communaut\u00e9 de communes Causses et Vall\u00e9e de la Dordogne. Cette septi\u00e8me \u00e9dition f\u00eate le bicentenaire du Pont Souillac-Lanzac r\u00e9alis\u00e9 par Louis Vicat, et vous invite \u00e0 r\u00e9fl\u00e9chir sur l\u2019architecture et l\u2019environnement. L\u2019exposition d\u2019art contemporain <em>Construction Vivante <\/em>sera pr\u00e9sent\u00e9e salle Saint-Martin \u00e0 Souillac du jeudi 28 septembre au dimanche 26 novembre. De nombreuses actions culturelles vous seront propos\u00e9es \u00e0 cette occasion sur l\u2019ensemble du territoire !<\/p>\n\n\n\n<p><strong>En partenariat avec l\u2019association Souillac en Jazz<\/strong>, venez danser et profiter le <strong>dimanche 15 octobre<\/strong> de la musique du duo <strong>Rhizottome<\/strong>, avec Armelle Dousset \u00e0 l\u2019accord\u00e9on et Matthieu Metzger au saxophone sopranino, \u00e0 partir de <strong>18h salle polyvalente de Loupiac<\/strong>.<\/p>\n\n\n\n<p>Un groupe de musique de Jazz s\u2019inspirant des musiques traditionnelles et improvisant des compositions originales et dynamiques.<\/p>\n\n\n\n<p>Une soir\u00e9e <strong>ouverte \u00e0 tous, <\/strong>le lieu exact sera transmis lors de la <strong>r\u00e9servation<\/strong> au 06 76 36 93 00, avec <strong>restauration<\/strong> disponible sur place.<\/p>\n\n\n\n<p><\/p>\n","protected":false},"excerpt":{"rendered":"<p>Dimanche 15 octobre 2023 \u00e0 18h &#8211; salle polyvalente de Loupiac<\/p>\n","protected":false},"author":2,"featured_media":4349,"comment_status":"closed","ping_status":"closed","sticky":false,"template":"","format":"standard","meta":{"om_disable_all_campaigns":false,"cybocfi_hide_featured_image":"","_vp_format_video_url":"","_vp_image_focal_point":[],"footnotes":""},"categories":[88],"tags":[],"class_list":["post-3759","post","type-post","status-publish","format-standard","has-post-thumbnail","hentry","category-archives-2023"],"featured_image_urls":{"full":["https:\/\/www.souillacenjazz.fr\/new\/wp-content\/uploads\/2023\/08\/rhizottome-presentation.jpg",1024,738,false],"thumbnail":["https:\/\/www.souillacenjazz.fr\/new\/wp-content\/uploads\/2023\/08\/rhizottome-presentation-150x150.jpg",150,150,true],"medium":["https:\/\/www.souillacenjazz.fr\/new\/wp-content\/uploads\/2023\/08\/rhizottome-presentation-300x216.jpg",300,216,true],"medium_large":["https:\/\/www.souillacenjazz.fr\/new\/wp-content\/uploads\/2023\/08\/rhizottome-presentation-768x554.jpg",640,462,true],"large":["https:\/\/www.souillacenjazz.fr\/new\/wp-content\/uploads\/2023\/08\/rhizottome-presentation.jpg",640,461,false],"1536x1536":["https:\/\/www.souillacenjazz.fr\/new\/wp-content\/uploads\/2023\/08\/rhizottome-presentation.jpg",1024,738,false],"2048x2048":["https:\/\/www.souillacenjazz.fr\/new\/wp-content\/uploads\/2023\/08\/rhizottome-presentation.jpg",1024,738,false],"vp_sm":["https:\/\/www.souillacenjazz.fr\/new\/wp-content\/uploads\/2023\/08\/rhizottome-presentation-500x360.jpg",500,360,true],"vp_md":["https:\/\/www.souillacenjazz.fr\/new\/wp-content\/uploads\/2023\/08\/rhizottome-presentation-800x577.jpg",800,577,true],"vp_lg":["https:\/\/www.souillacenjazz.fr\/new\/wp-content\/uploads\/2023\/08\/rhizottome-presentation.jpg",1024,738,false],"vp_xl":["https:\/\/www.souillacenjazz.fr\/new\/wp-content\/uploads\/2023\/08\/rhizottome-presentation.jpg",1024,738,false],"vp_sm_popup":["https:\/\/www.souillacenjazz.fr\/new\/wp-content\/uploads\/2023\/08\/rhizottome-presentation-500x360.jpg",500,360,true],"vp_md_popup":["https:\/\/www.souillacenjazz.fr\/new\/wp-content\/uploads\/2023\/08\/rhizottome-presentation-800x577.jpg",800,577,true],"vp_xl_popup":["https:\/\/www.souillacenjazz.fr\/new\/wp-content\/uploads\/2023\/08\/rhizottome-presentation.jpg",1024,738,false],"morenews-featured":["https:\/\/www.souillacenjazz.fr\/new\/wp-content\/uploads\/2023\/08\/rhizottome-presentation.jpg",1024,738,false],"morenews-large":["https:\/\/www.souillacenjazz.fr\/new\/wp-content\/uploads\/2023\/08\/rhizottome-presentation-825x575.jpg",825,575,true],"morenews-medium":["https:\/\/www.souillacenjazz.fr\/new\/wp-content\/uploads\/2023\/08\/rhizottome-presentation-590x410.jpg",590,410,true]},"author_info":{"display_name":"Yves Reygner","author_link":"https:\/\/www.souillacenjazz.fr\/new\/author\/yves\/"},"category_info":"<a href=\"https:\/\/www.souillacenjazz.fr\/new\/category\/archives\/archives-2023\/\" rel=\"category tag\">Archives 2023<\/a>","tag_info":"Archives 2023","comment_count":"0","_links":{"self":[{"href":"https:\/\/www.souillacenjazz.fr\/new\/wp-json\/wp\/v2\/posts\/3759","targetHints":{"allow":["GET"]}}],"collection":[{"href":"https:\/\/www.souillacenjazz.fr\/new\/wp-json\/wp\/v2\/posts"}],"about":[{"href":"https:\/\/www.souillacenjazz.fr\/new\/wp-json\/wp\/v2\/types\/post"}],"author":[{"embeddable":true,"href":"https:\/\/www.souillacenjazz.fr\/new\/wp-json\/wp\/v2\/users\/2"}],"replies":[{"embeddable":true,"href":"https:\/\/www.souillacenjazz.fr\/new\/wp-json\/wp\/v2\/comments?post=3759"}],"version-history":[{"count":9,"href":"https:\/\/www.souillacenjazz.fr\/new\/wp-json\/wp\/v2\/posts\/3759\/revisions"}],"predecessor-version":[{"id":4929,"href":"https:\/\/www.souillacenjazz.fr\/new\/wp-json\/wp\/v2\/posts\/3759\/revisions\/4929"}],"wp:featuredmedia":[{"embeddable":true,"href":"https:\/\/www.souillacenjazz.fr\/new\/wp-json\/wp\/v2\/media\/4349"}],"wp:attachment":[{"href":"https:\/\/www.souillacenjazz.fr\/new\/wp-json\/wp\/v2\/media?parent=3759"}],"wp:term":[{"taxonomy":"category","embeddable":true,"href":"https:\/\/www.souillacenjazz.fr\/new\/wp-json\/wp\/v2\/categories?post=3759"},{"taxonomy":"post_tag","embeddable":true,"href":"https:\/\/www.souillacenjazz.fr\/new\/wp-json\/wp\/v2\/tags?post=3759"}],"curies":[{"name":"wp","href":"https:\/\/api.w.org\/{rel}","templated":true}]}}