{"id":3719,"date":"2023-10-24T15:58:13","date_gmt":"2023-10-24T13:58:13","guid":{"rendered":"https:\/\/www.souillacenjazz.fr\/new\/?p=3719"},"modified":"2024-09-30T20:47:11","modified_gmt":"2024-09-30T18:47:11","slug":"antonio-lizana","status":"publish","type":"post","link":"https:\/\/www.souillacenjazz.fr\/new\/antonio-lizana\/","title":{"rendered":"Antonio Lizana"},"content":{"rendered":"\n<div class=\"wp-block-columns is-layout-flex wp-container-core-columns-is-layout-9d6595d7 wp-block-columns-is-layout-flex\">\n<div class=\"wp-block-column is-layout-flow wp-block-column-is-layout-flow\" style=\"flex-basis:100%\">\n<div class=\"wp-block-blockspare-blockspare-container alignfull blockspare-3c8fbec6-66b2-4\"><style>.blockspare-3c8fbec6-66b2-4 .blockspare-block-container-wrapper{background-color:#fff;padding-top:20px;padding-right:0px;padding-bottom:20px;padding-left:0px;margin-top:30px;margin-bottom:30px;border-radius:null}.blockspare-3c8fbec6-66b2-4 .blockspare-image-wrap{background-image:}<\/style><div class=\"blockspare-block-container-wrapper alignfull\"><div class=\"blockspare-container-background blockspare-image-wrap has-background-opacity-100 has-background-opacity\"><\/div><div class=\"blockspare-container\"><div class=\"blockspare-inner-blocks blockspare-inner-wrapper-blocks\">\n<figure class=\"wp-block-image size-full\"><img loading=\"lazy\" decoding=\"async\" width=\"520\" height=\"90\" src=\"http:\/\/www.souillacenjazz.fr\/new\/wp-content\/uploads\/2023\/08\/scenograph-2023.jpg\" alt=\"\" class=\"wp-image-3750\" srcset=\"https:\/\/www.souillacenjazz.fr\/new\/wp-content\/uploads\/2023\/08\/scenograph-2023.jpg 520w, https:\/\/www.souillacenjazz.fr\/new\/wp-content\/uploads\/2023\/08\/scenograph-2023-300x52.jpg 300w, https:\/\/www.souillacenjazz.fr\/new\/wp-content\/uploads\/2023\/08\/scenograph-2023-500x87.jpg 500w\" sizes=\"auto, (max-width: 520px) 100vw, 520px\" \/><\/figure>\n<\/div><\/div><\/div><\/div>\n<\/div>\n<\/div>\n\n\n\n<p class=\"has-x-large-font-size\"><strong><a href=\"https:\/\/theatredelusine-saintcere.com\/spectacles\/994\/antonio-lizana-quintet\/\" target=\"_blank\" rel=\"noreferrer noopener\">Samedi 18 novembre 2023 \u00e0 20h30<\/a><\/strong><\/p>\n\n\n\n<p class=\"has-large-font-size\">Th\u00e9\u00e2tre de l&#8217;usine \u00e0 Saint C\u00e9r\u00e9<\/p>\n\n\n\n<figure class=\"wp-block-image size-full is-resized\"><img loading=\"lazy\" decoding=\"async\" width=\"749\" height=\"1000\" src=\"https:\/\/www.souillacenjazz.fr\/new\/wp-content\/uploads\/2023\/10\/jazz-news.jpg\" alt=\"\" class=\"wp-image-4356\" style=\"width:244px;height:326px\" srcset=\"https:\/\/www.souillacenjazz.fr\/new\/wp-content\/uploads\/2023\/10\/jazz-news.jpg 749w, https:\/\/www.souillacenjazz.fr\/new\/wp-content\/uploads\/2023\/10\/jazz-news-225x300.jpg 225w, https:\/\/www.souillacenjazz.fr\/new\/wp-content\/uploads\/2023\/10\/jazz-news-500x668.jpg 500w\" sizes=\"auto, (max-width: 749px) 100vw, 749px\" \/><\/figure>\n","protected":false},"excerpt":{"rendered":"<p>Samedi 18 novembre 2023 \u00e0 20h30 &#8211; Th\u00e9\u00e2tre de l&#8217;usine \u00e0 Saint C\u00e9r\u00e9<\/p>\n","protected":false},"author":2,"featured_media":3725,"comment_status":"closed","ping_status":"closed","sticky":false,"template":"","format":"standard","meta":{"om_disable_all_campaigns":false,"cybocfi_hide_featured_image":"","_vp_format_video_url":"","_vp_image_focal_point":[],"footnotes":""},"categories":[88],"tags":[],"class_list":["post-3719","post","type-post","status-publish","format-standard","has-post-thumbnail","hentry","category-archives-2023"],"featured_image_urls":{"full":["https:\/\/www.souillacenjazz.fr\/new\/wp-content\/uploads\/2023\/08\/antonio-lizana.jpg",870,320,false],"thumbnail":["https:\/\/www.souillacenjazz.fr\/new\/wp-content\/uploads\/2023\/08\/antonio-lizana-150x150.jpg",150,150,true],"medium":["https:\/\/www.souillacenjazz.fr\/new\/wp-content\/uploads\/2023\/08\/antonio-lizana-300x110.jpg",300,110,true],"medium_large":["https:\/\/www.souillacenjazz.fr\/new\/wp-content\/uploads\/2023\/08\/antonio-lizana-768x282.jpg",640,235,true],"large":["https:\/\/www.souillacenjazz.fr\/new\/wp-content\/uploads\/2023\/08\/antonio-lizana.jpg",640,235,false],"1536x1536":["https:\/\/www.souillacenjazz.fr\/new\/wp-content\/uploads\/2023\/08\/antonio-lizana.jpg",870,320,false],"2048x2048":["https:\/\/www.souillacenjazz.fr\/new\/wp-content\/uploads\/2023\/08\/antonio-lizana.jpg",870,320,false],"vp_sm":["https:\/\/www.souillacenjazz.fr\/new\/wp-content\/uploads\/2023\/08\/antonio-lizana-500x184.jpg",500,184,true],"vp_md":["https:\/\/www.souillacenjazz.fr\/new\/wp-content\/uploads\/2023\/08\/antonio-lizana-800x294.jpg",800,294,true],"vp_lg":["https:\/\/www.souillacenjazz.fr\/new\/wp-content\/uploads\/2023\/08\/antonio-lizana.jpg",870,320,false],"vp_xl":["https:\/\/www.souillacenjazz.fr\/new\/wp-content\/uploads\/2023\/08\/antonio-lizana.jpg",870,320,false],"vp_sm_popup":["https:\/\/www.souillacenjazz.fr\/new\/wp-content\/uploads\/2023\/08\/antonio-lizana-500x184.jpg",500,184,true],"vp_md_popup":["https:\/\/www.souillacenjazz.fr\/new\/wp-content\/uploads\/2023\/08\/antonio-lizana-800x294.jpg",800,294,true],"vp_xl_popup":["https:\/\/www.souillacenjazz.fr\/new\/wp-content\/uploads\/2023\/08\/antonio-lizana.jpg",870,320,false],"morenews-featured":["https:\/\/www.souillacenjazz.fr\/new\/wp-content\/uploads\/2023\/08\/antonio-lizana.jpg",870,320,false],"morenews-large":["https:\/\/www.souillacenjazz.fr\/new\/wp-content\/uploads\/2023\/08\/antonio-lizana-825x320.jpg",825,320,true],"morenews-medium":["https:\/\/www.souillacenjazz.fr\/new\/wp-content\/uploads\/2023\/08\/antonio-lizana-590x320.jpg",590,320,true]},"author_info":{"display_name":"Yves Reygner","author_link":"https:\/\/www.souillacenjazz.fr\/new\/author\/yves\/"},"category_info":"<a href=\"https:\/\/www.souillacenjazz.fr\/new\/category\/archives\/archives-2023\/\" rel=\"category tag\">Archives 2023<\/a>","tag_info":"Archives 2023","comment_count":"0","_links":{"self":[{"href":"https:\/\/www.souillacenjazz.fr\/new\/wp-json\/wp\/v2\/posts\/3719","targetHints":{"allow":["GET"]}}],"collection":[{"href":"https:\/\/www.souillacenjazz.fr\/new\/wp-json\/wp\/v2\/posts"}],"about":[{"href":"https:\/\/www.souillacenjazz.fr\/new\/wp-json\/wp\/v2\/types\/post"}],"author":[{"embeddable":true,"href":"https:\/\/www.souillacenjazz.fr\/new\/wp-json\/wp\/v2\/users\/2"}],"replies":[{"embeddable":true,"href":"https:\/\/www.souillacenjazz.fr\/new\/wp-json\/wp\/v2\/comments?post=3719"}],"version-history":[{"count":13,"href":"https:\/\/www.souillacenjazz.fr\/new\/wp-json\/wp\/v2\/posts\/3719\/revisions"}],"predecessor-version":[{"id":4405,"href":"https:\/\/www.souillacenjazz.fr\/new\/wp-json\/wp\/v2\/posts\/3719\/revisions\/4405"}],"wp:featuredmedia":[{"embeddable":true,"href":"https:\/\/www.souillacenjazz.fr\/new\/wp-json\/wp\/v2\/media\/3725"}],"wp:attachment":[{"href":"https:\/\/www.souillacenjazz.fr\/new\/wp-json\/wp\/v2\/media?parent=3719"}],"wp:term":[{"taxonomy":"category","embeddable":true,"href":"https:\/\/www.souillacenjazz.fr\/new\/wp-json\/wp\/v2\/categories?post=3719"},{"taxonomy":"post_tag","embeddable":true,"href":"https:\/\/www.souillacenjazz.fr\/new\/wp-json\/wp\/v2\/tags?post=3719"}],"curies":[{"name":"wp","href":"https:\/\/api.w.org\/{rel}","templated":true}]}}