{"id":3548,"date":"2023-07-09T22:24:32","date_gmt":"2023-07-09T20:24:32","guid":{"rendered":"https:\/\/www.souillacenjazz.fr\/new\/?p=3548"},"modified":"2024-02-22T15:09:48","modified_gmt":"2024-02-22T14:09:48","slug":"geraldine-laurent-a-ete-recompensee-de-deux-victoires-du-jazz-victoire-de-lartiste-instrumentale-et-victoire-du-concert-pour-cooking-quelle-presentera-a-souillac-le-20-juillet-prochain","status":"publish","type":"post","link":"https:\/\/www.souillacenjazz.fr\/new\/geraldine-laurent-a-ete-recompensee-de-deux-victoires-du-jazz-victoire-de-lartiste-instrumentale-et-victoire-du-concert-pour-cooking-quelle-presentera-a-souillac-le-20-juillet-prochain\/","title":{"rendered":"G\u00e9raldine Laurent a \u00e9t\u00e9 r\u00e9compens\u00e9e de deux Victoires du jazz."},"content":{"rendered":"\n<figure class=\"wp-block-image size-full is-resized\"><img loading=\"lazy\" decoding=\"async\" src=\"http:\/\/www.souillacenjazz.fr\/new\/wp-content\/uploads\/2023\/07\/Geraldine-Laurent-victoires.jpg\" alt=\"\" class=\"wp-image-3576\" style=\"width:187px;height:222px\" width=\"187\" height=\"222\" srcset=\"https:\/\/www.souillacenjazz.fr\/new\/wp-content\/uploads\/2023\/07\/Geraldine-Laurent-victoires.jpg 746w, https:\/\/www.souillacenjazz.fr\/new\/wp-content\/uploads\/2023\/07\/Geraldine-Laurent-victoires-252x300.jpg 252w, https:\/\/www.souillacenjazz.fr\/new\/wp-content\/uploads\/2023\/07\/Geraldine-Laurent-victoires-500x595.jpg 500w\" sizes=\"auto, (max-width: 187px) 100vw, 187px\" \/><\/figure>\n\n\n\n<ul class=\"wp-block-list\">\n<li class=\"has-large-font-size\"><strong>Victoire de l&#8217;artiste instrumentale <\/strong><\/li>\n\n\n\n<li class=\"has-large-font-size\"><strong>Victoire du concert pour &#8220;Cooking&#8221; qu&#8217;elle pr\u00e9sentera \u00e0 Souillac le 20 juillet prochain.<\/strong><\/li>\n<\/ul>\n\n\n\n<p><\/p>\n\n\n\n<p><\/p>\n\n\n\n<p><\/p>\n\n\n\n<p><\/p>\n","protected":false},"excerpt":{"rendered":"<p>Jeudi 20 juillet 2023 \u00e0 21h15 place P. Betz \u00e0 Souillac<\/p>\n","protected":false},"author":2,"featured_media":3576,"comment_status":"closed","ping_status":"closed","sticky":false,"template":"","format":"standard","meta":{"om_disable_all_campaigns":false,"cybocfi_hide_featured_image":"yes","_vp_format_video_url":"","_vp_image_focal_point":[],"footnotes":""},"categories":[88,83],"tags":[],"class_list":["post-3548","post","type-post","status-publish","format-standard","has-post-thumbnail","hentry","category-archives-2023","category-programmation-2023"],"featured_image_urls":{"full":["https:\/\/www.souillacenjazz.fr\/new\/wp-content\/uploads\/2023\/07\/Geraldine-Laurent-victoires.jpg",746,888,false],"thumbnail":["https:\/\/www.souillacenjazz.fr\/new\/wp-content\/uploads\/2023\/07\/Geraldine-Laurent-victoires-150x150.jpg",150,150,true],"medium":["https:\/\/www.souillacenjazz.fr\/new\/wp-content\/uploads\/2023\/07\/Geraldine-Laurent-victoires-252x300.jpg",252,300,true],"medium_large":["https:\/\/www.souillacenjazz.fr\/new\/wp-content\/uploads\/2023\/07\/Geraldine-Laurent-victoires.jpg",640,762,false],"large":["https:\/\/www.souillacenjazz.fr\/new\/wp-content\/uploads\/2023\/07\/Geraldine-Laurent-victoires.jpg",640,762,false],"1536x1536":["https:\/\/www.souillacenjazz.fr\/new\/wp-content\/uploads\/2023\/07\/Geraldine-Laurent-victoires.jpg",746,888,false],"2048x2048":["https:\/\/www.souillacenjazz.fr\/new\/wp-content\/uploads\/2023\/07\/Geraldine-Laurent-victoires.jpg",746,888,false],"vp_sm":["https:\/\/www.souillacenjazz.fr\/new\/wp-content\/uploads\/2023\/07\/Geraldine-Laurent-victoires-500x595.jpg",500,595,true],"vp_md":["https:\/\/www.souillacenjazz.fr\/new\/wp-content\/uploads\/2023\/07\/Geraldine-Laurent-victoires.jpg",746,888,false],"vp_lg":["https:\/\/www.souillacenjazz.fr\/new\/wp-content\/uploads\/2023\/07\/Geraldine-Laurent-victoires.jpg",746,888,false],"vp_xl":["https:\/\/www.souillacenjazz.fr\/new\/wp-content\/uploads\/2023\/07\/Geraldine-Laurent-victoires.jpg",746,888,false],"vp_sm_popup":["https:\/\/www.souillacenjazz.fr\/new\/wp-content\/uploads\/2023\/07\/Geraldine-Laurent-victoires-500x595.jpg",500,595,true],"vp_md_popup":["https:\/\/www.souillacenjazz.fr\/new\/wp-content\/uploads\/2023\/07\/Geraldine-Laurent-victoires.jpg",746,888,false],"vp_xl_popup":["https:\/\/www.souillacenjazz.fr\/new\/wp-content\/uploads\/2023\/07\/Geraldine-Laurent-victoires.jpg",746,888,false],"morenews-featured":["https:\/\/www.souillacenjazz.fr\/new\/wp-content\/uploads\/2023\/07\/Geraldine-Laurent-victoires.jpg",746,888,false],"morenews-large":["https:\/\/www.souillacenjazz.fr\/new\/wp-content\/uploads\/2023\/07\/Geraldine-Laurent-victoires-746x575.jpg",746,575,true],"morenews-medium":["https:\/\/www.souillacenjazz.fr\/new\/wp-content\/uploads\/2023\/07\/Geraldine-Laurent-victoires-590x410.jpg",590,410,true]},"author_info":{"display_name":"Yves Reygner","author_link":"https:\/\/www.souillacenjazz.fr\/new\/author\/yves\/"},"category_info":"<a href=\"https:\/\/www.souillacenjazz.fr\/new\/category\/archives\/archives-2023\/\" rel=\"category tag\">Archives 2023<\/a> <a href=\"https:\/\/www.souillacenjazz.fr\/new\/category\/programmation-2023\/\" rel=\"category tag\">Programmation 2023<\/a>","tag_info":"Programmation 2023","comment_count":"0","_links":{"self":[{"href":"https:\/\/www.souillacenjazz.fr\/new\/wp-json\/wp\/v2\/posts\/3548","targetHints":{"allow":["GET"]}}],"collection":[{"href":"https:\/\/www.souillacenjazz.fr\/new\/wp-json\/wp\/v2\/posts"}],"about":[{"href":"https:\/\/www.souillacenjazz.fr\/new\/wp-json\/wp\/v2\/types\/post"}],"author":[{"embeddable":true,"href":"https:\/\/www.souillacenjazz.fr\/new\/wp-json\/wp\/v2\/users\/2"}],"replies":[{"embeddable":true,"href":"https:\/\/www.souillacenjazz.fr\/new\/wp-json\/wp\/v2\/comments?post=3548"}],"version-history":[{"count":9,"href":"https:\/\/www.souillacenjazz.fr\/new\/wp-json\/wp\/v2\/posts\/3548\/revisions"}],"predecessor-version":[{"id":3723,"href":"https:\/\/www.souillacenjazz.fr\/new\/wp-json\/wp\/v2\/posts\/3548\/revisions\/3723"}],"wp:featuredmedia":[{"embeddable":true,"href":"https:\/\/www.souillacenjazz.fr\/new\/wp-json\/wp\/v2\/media\/3576"}],"wp:attachment":[{"href":"https:\/\/www.souillacenjazz.fr\/new\/wp-json\/wp\/v2\/media?parent=3548"}],"wp:term":[{"taxonomy":"category","embeddable":true,"href":"https:\/\/www.souillacenjazz.fr\/new\/wp-json\/wp\/v2\/categories?post=3548"},{"taxonomy":"post_tag","embeddable":true,"href":"https:\/\/www.souillacenjazz.fr\/new\/wp-json\/wp\/v2\/tags?post=3548"}],"curies":[{"name":"wp","href":"https:\/\/api.w.org\/{rel}","templated":true}]}}