{"id":3506,"date":"2023-06-29T19:03:33","date_gmt":"2023-06-29T17:03:33","guid":{"rendered":"https:\/\/www.souillacenjazz.fr\/new\/?p=3506"},"modified":"2023-08-24T11:21:32","modified_gmt":"2023-08-24T09:21:32","slug":"interview-de-geraldine-laurent-par-robert-peyrillou","status":"publish","type":"post","link":"https:\/\/www.souillacenjazz.fr\/new\/interview-de-geraldine-laurent-par-robert-peyrillou\/","title":{"rendered":"Interview de G\u00e9raldine Laurent par Robert Peyrillou"},"content":{"rendered":"\n<p>(concert jeudi 20 juillet \u2013 G\u00e9raldine Laurent Quartet invite M\u00e9d\u00e9ric Collignon)<\/p>\n\n\n\n<p>Nomm\u00e9e aux Victoires du jazz 2023 comme artiste de l\u2019ann\u00e9e et comme concert de l\u2019ann\u00e9e<\/p>\n\n\n\n<figure class=\"wp-block-image size-full is-resized\"><img loading=\"lazy\" decoding=\"async\" src=\"http:\/\/www.souillacenjazz.fr\/new\/wp-content\/uploads\/2023\/07\/Geraldine-Laurent-victoires.jpg\" alt=\"\" class=\"wp-image-3576\" style=\"width:218px;height:259px\" width=\"218\" height=\"259\" srcset=\"https:\/\/www.souillacenjazz.fr\/new\/wp-content\/uploads\/2023\/07\/Geraldine-Laurent-victoires.jpg 746w, https:\/\/www.souillacenjazz.fr\/new\/wp-content\/uploads\/2023\/07\/Geraldine-Laurent-victoires-252x300.jpg 252w, https:\/\/www.souillacenjazz.fr\/new\/wp-content\/uploads\/2023\/07\/Geraldine-Laurent-victoires-500x595.jpg 500w\" sizes=\"auto, (max-width: 218px) 100vw, 218px\" \/><\/figure>\n\n\n\n<p><strong>Les grandes cheffes re\u00e7oivent des \u00e9toiles comme Anne-Sophie Pic, G\u00e9raldine Laurent pour \u00ab&nbsp;Cooking&nbsp;\u00bb a re\u00e7u d\u00e9j\u00e0 une Victoire du jazz et est nomm\u00e9e cette ann\u00e9e,&nbsp; donnes-nous envie de venir \u00e0 ta table.<\/strong><\/p>\n\n\n\n<p>La comparaison avec les \u00e9toil\u00e9s Michelin est flatteuse, mais je ne peux rester que tr\u00e8s humble face \u00e0 des grands chefs comme Anne-Sophie Pic, que j\u2019admire \u00e9norm\u00e9ment, qui font de la cuisine un lieu de cr\u00e9ation artistique innovantes et sans cesse en mouvement .<\/p>\n\n\n\n<p>Je suis effectivement toujours tr\u00e8s honor\u00e9e et tr\u00e8s touch\u00e9e d\u2019\u00eatre nomm\u00e9e aux Victoires du jazz et d\u2019avoir re\u00e7u en 2020 un prix pour l\u2019album de l\u2019ann\u00e9e avec le disque \u00ab&nbsp;Cooking&nbsp;\u00bb. Ceci est le fruit d\u2019un travail collectif gr\u00e2ce aux merveilleux musiciens avec qui je travaille, gr\u00e2ce \u00e0 toute l\u2019\u00e9quipe du label Gazebo de Laurent de Wilde qui est, non seulement un pianiste extraordinaire, mais \u00e9galement un merveilleux producteur ! Gr\u00e2ce \u00e0 une belle collaboration avec l\u2019attach\u00e9e de presse Marie-Claude Nouy et mon agent Marion Piras.<\/p>\n\n\n\n<p><strong>Comment composes-tu&nbsp;? Pour ce projet, la cuisine semble une source d\u2019inspiration, est-ce les \u00e9pices qui titillent nos oreilles, qui suscitent l\u2019improvisation&nbsp;? Parles-nous aussi de ta brigade, Paul Lay, Yoni Zelnik, Donald Kontomanou.<\/strong><\/p>\n\n\n\n<p>La cuisine est effectivement un domaine qui me passionne, il y a \u00e9norm\u00e9ment de choses communes entre le travail d\u2019une brigade en cuisine, et celui d\u2019un groupe en musique, r\u00e9p\u00e9titions, travail technique, mises en place et coup de feu! pour les cuisiniers, concerts pour les musiciens etc &#8230; j\u2019ai essay\u00e9 de construire un r\u00e9pertoire constitu\u00e9 de petites histoires de \u00ab&nbsp;cuisine&nbsp;\u00bb, des th\u00e8mes propices \u00e0 l\u2019improvisation, et de m\u2019entourer de ma \u00ab&nbsp;brigade&nbsp;\u00bb pr\u00e9f\u00e9r\u00e9e! Paul, Donald et Yoni. Nous avons des r\u00e9f\u00e9rences communes, nous sommes tous les quatre tr\u00e8s attach\u00e9s \u00e0 l\u2019acoustique, au swing, \u00e0 la danse, \u00e0 l\u2019interplay qui est indispensable pour jouer ensemble, interagir.&nbsp;<\/p>\n\n\n\n<p><strong>Quelle est l\u2019histoire de l\u2019invitation de M\u00e9d\u00e9ric Collignon&nbsp;?<\/strong><\/p>\n\n\n\n<p>Je connais M\u00e9d\u00e9ric depuis longtemps, et nous nous invitons r\u00e9guli\u00e8rement dans nos projets respectifs , l\u2019inviter \u00e0 partager de temps en temps la musique de \u00ab&nbsp;Cooking&nbsp;\u00bb s\u2019est fait tr\u00e8s naturellement. C\u2019est un musicien tr\u00e8s talentueux, dou\u00e9,&nbsp; singulier, g\u00e9n\u00e9reux,&nbsp; au service de la musique et jouer avec lui est toujours inspirant, plein de surprises et donne de nouvelles couleurs au son et \u00e0 l\u2019\u00e9nergie du groupe.<\/p>\n\n\n\n<p><strong>En 2008, tu as \u00e9t\u00e9 \u00e9lue meilleure musicienne par l\u2019Acad\u00e9mie du jazz, la premi\u00e8re femme pour ce prestigieux prix, cette ann\u00e9e c\u2019est Leila Olivesi, tu fais partie de son projet \u00ab&nbsp;Astral&nbsp;\u00bb, parles-nous de tes diff\u00e9rentes rencontres.<\/strong><\/p>\n\n\n\n<p>Nous nous connaissons depuis quelques ann\u00e9es avec Leila, par le biais notamment de Donald Kontomanou, Yoni Zelnik, Manu Codjia avec qui, elle et moi, jouons dans nos projets respectifs. Egalement par notre tr\u00e8s cher ami commun Claude Carri\u00e8re qui nous manque et nous relie malgr\u00e9 sa disparition. Les multiples talents de pianiste, de compositrice de Leila ont \u00e9t\u00e9s tr\u00e8s justement r\u00e9compens\u00e9s par ce prix de l\u2019Acad\u00e9mie du jazz, son disque Astral est particuli\u00e8rement bien pens\u00e9, bien compos\u00e9, audacieux, lumineux, c\u2019est un style de jazz que j\u2019aime \u00e9couter, jouer et cela m\u2019a beaucoup touch\u00e9e que Leila m\u2019invite \u00e0 partager sa belle musique.&nbsp;<\/p>\n\n\n\n<p><strong>Ton projet remonte \u00e0 l\u2019avant-covid, apr\u00e8s \u00ab&nbsp;Cooking&nbsp;\u00bb as-tu une nouvelle recette sur le feu&nbsp;?<\/strong><\/p>\n\n\n\n<p>Le disque Cooking est sorti effectivement en octobre 2019 peu de temps avant le premier confinement, puis est arriv\u00e9 le deuxi\u00e8me confinement! bref, nous avons commenc\u00e9 \u00e0 faire des concerts plut\u00f4t \u00e0 partir de 2021, cela me semble du coup pas si lointain! et nous avons la chance de pouvoir continuer de jouer. Je suis toujours lente \u00e0 sortir de nouveaux disques! car j\u2019aime \u00e9galement travailler en sidewoman, jouer la musique des autres. Mais j\u2019ai quelques projets sur le feu, notamment un duo avec le merveilleux Paul Lay \u00ab&nbsp;We love Jobim&nbsp;\u00bb&nbsp; qui comme son nom l\u2019indique est autour de la musique d\u2019Antonio Carlos Jobim, pour qui nous avons tous les deux un amour sans fin !<\/p>\n","protected":false},"excerpt":{"rendered":"<p>(concert jeudi 20 juillet \u2013 G\u00e9raldine Laurent Quartet invite M\u00e9d\u00e9ric Collignon) Nomm\u00e9e aux Victoires du jazz 2023 comme<\/p>\n","protected":false},"author":2,"featured_media":3508,"comment_status":"closed","ping_status":"closed","sticky":false,"template":"","format":"standard","meta":{"om_disable_all_campaigns":false,"cybocfi_hide_featured_image":"yes","_vp_format_video_url":"","_vp_image_focal_point":[],"footnotes":""},"categories":[3],"tags":[],"class_list":["post-3506","post","type-post","status-publish","format-standard","has-post-thumbnail","hentry","category-interview"],"featured_image_urls":{"full":["https:\/\/www.souillacenjazz.fr\/new\/wp-content\/uploads\/2023\/06\/Geraldine-Laurent-1-e1689362829307.jpg",700,928,false],"thumbnail":["https:\/\/www.souillacenjazz.fr\/new\/wp-content\/uploads\/2023\/06\/Geraldine-Laurent-1-e1689362829307-150x150.jpg",150,150,true],"medium":["https:\/\/www.souillacenjazz.fr\/new\/wp-content\/uploads\/2023\/06\/Geraldine-Laurent-1-e1689362829307-226x300.jpg",226,300,true],"medium_large":["https:\/\/www.souillacenjazz.fr\/new\/wp-content\/uploads\/2023\/06\/Geraldine-Laurent-1-768x1153.jpg",640,961,true],"large":["https:\/\/www.souillacenjazz.fr\/new\/wp-content\/uploads\/2023\/06\/Geraldine-Laurent-1-682x1024.jpg",640,961,true],"1536x1536":["https:\/\/www.souillacenjazz.fr\/new\/wp-content\/uploads\/2023\/06\/Geraldine-Laurent-1-1023x1536.jpg",1023,1536,true],"2048x2048":["https:\/\/www.souillacenjazz.fr\/new\/wp-content\/uploads\/2023\/06\/Geraldine-Laurent-1-e1689362829307.jpg",700,928,false],"vp_sm":["https:\/\/www.souillacenjazz.fr\/new\/wp-content\/uploads\/2023\/06\/Geraldine-Laurent-1-e1689362829307-500x663.jpg",500,663,true],"vp_md":["https:\/\/www.souillacenjazz.fr\/new\/wp-content\/uploads\/2023\/06\/Geraldine-Laurent-1-800x1201.jpg",800,1201,true],"vp_lg":["https:\/\/www.souillacenjazz.fr\/new\/wp-content\/uploads\/2023\/06\/Geraldine-Laurent-1-e1689362829307.jpg",700,928,false],"vp_xl":["https:\/\/www.souillacenjazz.fr\/new\/wp-content\/uploads\/2023\/06\/Geraldine-Laurent-1-e1689362829307.jpg",700,928,false],"vp_sm_popup":["https:\/\/www.souillacenjazz.fr\/new\/wp-content\/uploads\/2023\/06\/Geraldine-Laurent-1-e1689362829307-500x663.jpg",500,663,true],"vp_md_popup":["https:\/\/www.souillacenjazz.fr\/new\/wp-content\/uploads\/2023\/06\/Geraldine-Laurent-1-800x1201.jpg",800,1201,true],"vp_xl_popup":["https:\/\/www.souillacenjazz.fr\/new\/wp-content\/uploads\/2023\/06\/Geraldine-Laurent-1-e1689362829307.jpg",700,928,false],"morenews-featured":["https:\/\/www.souillacenjazz.fr\/new\/wp-content\/uploads\/2023\/06\/Geraldine-Laurent-1-1024x1537.jpg",1024,1537,true],"morenews-large":["https:\/\/www.souillacenjazz.fr\/new\/wp-content\/uploads\/2023\/06\/Geraldine-Laurent-1-e1689362829307-700x575.jpg",700,575,true],"morenews-medium":["https:\/\/www.souillacenjazz.fr\/new\/wp-content\/uploads\/2023\/06\/Geraldine-Laurent-1-e1689362829307-590x410.jpg",590,410,true]},"author_info":{"display_name":"Yves Reygner","author_link":"https:\/\/www.souillacenjazz.fr\/new\/author\/yves\/"},"category_info":"<a href=\"https:\/\/www.souillacenjazz.fr\/new\/category\/interview\/\" rel=\"category tag\">Interview<\/a>","tag_info":"Interview","comment_count":"0","_links":{"self":[{"href":"https:\/\/www.souillacenjazz.fr\/new\/wp-json\/wp\/v2\/posts\/3506","targetHints":{"allow":["GET"]}}],"collection":[{"href":"https:\/\/www.souillacenjazz.fr\/new\/wp-json\/wp\/v2\/posts"}],"about":[{"href":"https:\/\/www.souillacenjazz.fr\/new\/wp-json\/wp\/v2\/types\/post"}],"author":[{"embeddable":true,"href":"https:\/\/www.souillacenjazz.fr\/new\/wp-json\/wp\/v2\/users\/2"}],"replies":[{"embeddable":true,"href":"https:\/\/www.souillacenjazz.fr\/new\/wp-json\/wp\/v2\/comments?post=3506"}],"version-history":[{"count":5,"href":"https:\/\/www.souillacenjazz.fr\/new\/wp-json\/wp\/v2\/posts\/3506\/revisions"}],"predecessor-version":[{"id":3659,"href":"https:\/\/www.souillacenjazz.fr\/new\/wp-json\/wp\/v2\/posts\/3506\/revisions\/3659"}],"wp:featuredmedia":[{"embeddable":true,"href":"https:\/\/www.souillacenjazz.fr\/new\/wp-json\/wp\/v2\/media\/3508"}],"wp:attachment":[{"href":"https:\/\/www.souillacenjazz.fr\/new\/wp-json\/wp\/v2\/media?parent=3506"}],"wp:term":[{"taxonomy":"category","embeddable":true,"href":"https:\/\/www.souillacenjazz.fr\/new\/wp-json\/wp\/v2\/categories?post=3506"},{"taxonomy":"post_tag","embeddable":true,"href":"https:\/\/www.souillacenjazz.fr\/new\/wp-json\/wp\/v2\/tags?post=3506"}],"curies":[{"name":"wp","href":"https:\/\/api.w.org\/{rel}","templated":true}]}}