{"id":3456,"date":"2023-04-20T17:51:41","date_gmt":"2023-04-20T15:51:41","guid":{"rendered":"https:\/\/www.souillacenjazz.fr\/new\/?p=3456"},"modified":"2023-08-24T11:20:59","modified_gmt":"2023-08-24T09:20:59","slug":"interview-de-paul-lay-par-robert-peyrillou","status":"publish","type":"post","link":"https:\/\/www.souillacenjazz.fr\/new\/interview-de-paul-lay-par-robert-peyrillou\/","title":{"rendered":"Interview de Paul Lay par Robert Peyrillou"},"content":{"rendered":"\n<p><strong>Tu es connu comme pianiste de jazz, tu as d\u00e9j\u00e0 jou\u00e9 \u00e0 Souillac avec Isabel S\u00f6rling et Simon Tailleu, pourquoi la musique classique ?<\/strong><\/p>\n\n\n\n<p>J\u2019ai commenc\u00e9 \u00e0 jouer du piano, parce que j\u2019avais quatre ans, autant en reprenant les chansons qu\u2019on apprenait \u00e0 l\u2019\u00e9cole, que les pi\u00e8ces faciles de musique classique que j\u2019apprenais avec ma professeur de piano. La musique classique a fa\u00e7onn\u00e9 en grande partie en jeu, et construit mon imaginaire. Lorsque j\u2019ai d\u00e9couvert le jazz adolescent, cela a \u00e9t\u00e9 une r\u00e9v\u00e9lation, probablement gr\u00e2ce a l\u2019improvisation et aux terrains de jeu infinis que cette musique procure. &nbsp;<\/p>\n\n\n\n<p>Mais les liens entre les ces deux styles de musique sont poreux, et il ne faut pas oublier qu\u2019il y avait une grande tradition d\u2019improvisation \u00e9galement dans la musique classique jusqu\u2019au d\u00e9but du XXe si\u00e8cle.&nbsp;<\/p>\n\n\n\n<p><br><strong>Est-ce que les \u00ab&nbsp;compositions&nbsp;\u00bb de Beethoven peuvent devenir des standards de jazz ?<\/strong><\/p>\n\n\n\n<p>Je dirais, oui, parfaitement ! Le travail pr\u00e9liminaire est de saisir l\u2019essence, et la structure des m\u00e9lodies et pi\u00e8ces musicales de Beethoven. Revenir au squelette du morceau : la m\u00e9lodie, et la structure harmonique, comme un standard de jazz. Ensuite, une r\u00e9flexion est n\u00e9cessaire quant \u00e0 la place de l\u2019improvisation, et la nouvelle forme que chaque morceau peut rev\u00eatir. Beethoven \u00e9tait un g\u00e9nie de la forme, du myst\u00e8re, du silence. Il \u00e9tait important pour moi de garder \u00e0 l\u2019esprit. C\u2019est des \u00e9l\u00e9ments essentiels de cette musique.<\/p>\n\n\n\n<p><strong>D\u00e9tricoter, re-tricoter des th\u00e8mes comme le fait Martial Solal, est-ce une des d\u00e9finitions du jazz&nbsp;?<\/strong><\/p>\n\n\n\n<p>Oui, parfaitement. Il y a de nombreuses mani\u00e8re d\u2019aborder l\u2019improvisation \u00e0 partir d\u2019un texte existant. Pour ma part, je l\u2019aborde souvent comme un th\u00e8me et variations.&nbsp;<\/p>\n\n\n\n<p><strong>Parles-nous de \u00ab&nbsp;Full Solo&nbsp;\u00bb que tu interpr\u00e9teras \u00e0 Souillac dans la cadre de la saison d\u2019hiver du th\u00e9\u00e2tre de l\u2019usine de St-C\u00e9r\u00e9 le samedi 13 mai.<\/strong><\/p>\n\n\n\n<p>Ce disque est l\u2019aboutissement d\u2019une cr\u00e9ation que j\u2019ai donn\u00e9 en janvier 2020 \u00e0 la Folle Journ\u00e9e de Nantes, grand festival incontournable de musique classique qui a lieu chaque ann\u00e9e. Le th\u00e8me \u00e9tait Beethoven, puisqu\u2019on c\u00e9l\u00e9brait cette ann\u00e9e-l\u00e0 les 250 ans de sa naissance. Comme vous le savez, le confinement a stopp\u00e9 nos activit\u00e9s sc\u00e9niques.&nbsp;<\/p>\n\n\n\n<p>J\u2019ai profit\u00e9 de cette grande pause, pour peaufiner le r\u00e9pertoire, et ainsi enregistrer l\u2019album de cette cr\u00e9ation, m\u00ealant, arrangements de grands th\u00e8mes de Beethoven, ainsi que des compositions Ii\u00e9es \u00e0 certains moments de sa vie, ou \u00e0 des quartiers de Vienne dans lesquels il a v\u00e9cu. J\u2019ai eu l\u2019occasion de s\u00e9journer \u00e0 Vienne quelques jours pour m\u2019en inspirer.&nbsp;<\/p>\n\n\n\n<p><strong>Tu reviendras \u00e0 Souillac pour le 47<\/strong><sup><strong>e<\/strong><\/sup><strong> festival le 21 juillet avec le quartet de G\u00e9raldine Laurent et son invit\u00e9 M\u00e9d\u00e9ric Collignon, comment passe-t-on de Beethoven aux compositions de G\u00e9raldine ou \u00e0 la voix de M\u00e9do&nbsp;?<\/strong><\/p>\n\n\n\n<p>Le terrain de jeu est \u00e0 chaque fois diff\u00e9rent, mais l\u2019esprit est toujours le m\u00eame ! Rester vif, \u00e0 l\u2019\u00e9coute, et libre d\u2019interagir selon le contexte pour servir au mieux la musique qui est en train de se d\u00e9rouler \u00e0 l\u2019instant T.&nbsp;<\/p>\n\n\n\n<p><strong>Je vais m\u2019entretenir avec G\u00e9raldine bient\u00f4t, parles-nous d\u2019elle et de \u00ab&nbsp;Cooking&nbsp;\u00bb son projet&nbsp;?<\/strong><\/p>\n\n\n\n<p>J\u2019ai la chance de jouer avec G\u00e9raldine depuis une dizaine d\u2019ann\u00e9es maintenant. On a une belle complicit\u00e9, c\u2019est une musicienne hors-pair, d\u2019un grand lyrisme, d\u2019une grande exigence et d\u2019une grande fantaisie, ce qui est la marque des artistes que j\u2019estime beaucoup.<\/p>\n\n\n\n<p>\u00c0 chaque fois, c\u2019est diff\u00e9rent, d\u2019une grande fra\u00eecheur, elle a une grande audace, et c\u2019est ce que j\u2019aime par-dessus tout. Le r\u00e9pertoire de cooking refl\u00e8te tr\u00e8s bien ces caract\u00e9ristiques. Elle nous laisse une grande part de libert\u00e9, \u00e0 la confiance aux musiciens du groupe. Ce qui permet \u00e0 chacun de s\u2019exprimer, de proposer une musique puissante et profonde.&nbsp;<\/p>\n\n\n\n<p>Par ailleurs, nous commen\u00e7ons un nouveau programme en duo autour de la musique de Jobim. Nous avons h\u00e2te de le faire d\u00e9couvrir !<br><br><\/p>\n\n\n\n<p>En te remerciant d&#8217;avance, au plaisir de te revoir \u00e0 Souillac &#8230; 2 fois puisqu&#8217;ensuite tu viens avec G\u00e9raldine le 20 juillet !<\/p>\n","protected":false},"excerpt":{"rendered":"<p>Tu es connu comme pianiste de jazz, tu as d\u00e9j\u00e0 jou\u00e9 \u00e0 Souillac avec Isabel S\u00f6rling et Simon<\/p>\n","protected":false},"author":2,"featured_media":3452,"comment_status":"closed","ping_status":"closed","sticky":false,"template":"","format":"standard","meta":{"om_disable_all_campaigns":false,"cybocfi_hide_featured_image":"yes","_vp_format_video_url":"","_vp_image_focal_point":[],"footnotes":""},"categories":[3],"tags":[],"class_list":["post-3456","post","type-post","status-publish","format-standard","has-post-thumbnail","hentry","category-interview"],"featured_image_urls":{"full":["https:\/\/www.souillacenjazz.fr\/new\/wp-content\/uploads\/2023\/04\/Paul-Lay-e1682005835635.jpg",278,319,false],"thumbnail":["https:\/\/www.souillacenjazz.fr\/new\/wp-content\/uploads\/2023\/04\/Paul-Lay-e1682005835635-150x150.jpg",150,150,true],"medium":["https:\/\/www.souillacenjazz.fr\/new\/wp-content\/uploads\/2023\/04\/Paul-Lay-e1682005835635-261x300.jpg",261,300,true],"medium_large":["https:\/\/www.souillacenjazz.fr\/new\/wp-content\/uploads\/2023\/04\/Paul-Lay-768x282.jpg",640,235,true],"large":["https:\/\/www.souillacenjazz.fr\/new\/wp-content\/uploads\/2023\/04\/Paul-Lay-e1682005835635.jpg",278,319,false],"1536x1536":["https:\/\/www.souillacenjazz.fr\/new\/wp-content\/uploads\/2023\/04\/Paul-Lay-e1682005835635.jpg",278,319,false],"2048x2048":["https:\/\/www.souillacenjazz.fr\/new\/wp-content\/uploads\/2023\/04\/Paul-Lay-e1682005835635.jpg",278,319,false],"vp_sm":["https:\/\/www.souillacenjazz.fr\/new\/wp-content\/uploads\/2023\/04\/Paul-Lay-500x184.jpg",500,184,true],"vp_md":["https:\/\/www.souillacenjazz.fr\/new\/wp-content\/uploads\/2023\/04\/Paul-Lay-800x294.jpg",800,294,true],"vp_lg":["https:\/\/www.souillacenjazz.fr\/new\/wp-content\/uploads\/2023\/04\/Paul-Lay-e1682005835635.jpg",278,319,false],"vp_xl":["https:\/\/www.souillacenjazz.fr\/new\/wp-content\/uploads\/2023\/04\/Paul-Lay-e1682005835635.jpg",278,319,false],"vp_sm_popup":["https:\/\/www.souillacenjazz.fr\/new\/wp-content\/uploads\/2023\/04\/Paul-Lay-500x184.jpg",500,184,true],"vp_md_popup":["https:\/\/www.souillacenjazz.fr\/new\/wp-content\/uploads\/2023\/04\/Paul-Lay-800x294.jpg",800,294,true],"vp_xl_popup":["https:\/\/www.souillacenjazz.fr\/new\/wp-content\/uploads\/2023\/04\/Paul-Lay-e1682005835635.jpg",278,319,false],"morenews-featured":["https:\/\/www.souillacenjazz.fr\/new\/wp-content\/uploads\/2023\/04\/Paul-Lay-e1682005835635.jpg",278,319,false],"morenews-large":["https:\/\/www.souillacenjazz.fr\/new\/wp-content\/uploads\/2023\/04\/Paul-Lay-825x320.jpg",825,320,true],"morenews-medium":["https:\/\/www.souillacenjazz.fr\/new\/wp-content\/uploads\/2023\/04\/Paul-Lay-590x320.jpg",590,320,true]},"author_info":{"display_name":"Yves Reygner","author_link":"https:\/\/www.souillacenjazz.fr\/new\/author\/yves\/"},"category_info":"<a href=\"https:\/\/www.souillacenjazz.fr\/new\/category\/interview\/\" rel=\"category tag\">Interview<\/a>","tag_info":"Interview","comment_count":"0","_links":{"self":[{"href":"https:\/\/www.souillacenjazz.fr\/new\/wp-json\/wp\/v2\/posts\/3456","targetHints":{"allow":["GET"]}}],"collection":[{"href":"https:\/\/www.souillacenjazz.fr\/new\/wp-json\/wp\/v2\/posts"}],"about":[{"href":"https:\/\/www.souillacenjazz.fr\/new\/wp-json\/wp\/v2\/types\/post"}],"author":[{"embeddable":true,"href":"https:\/\/www.souillacenjazz.fr\/new\/wp-json\/wp\/v2\/users\/2"}],"replies":[{"embeddable":true,"href":"https:\/\/www.souillacenjazz.fr\/new\/wp-json\/wp\/v2\/comments?post=3456"}],"version-history":[{"count":2,"href":"https:\/\/www.souillacenjazz.fr\/new\/wp-json\/wp\/v2\/posts\/3456\/revisions"}],"predecessor-version":[{"id":3459,"href":"https:\/\/www.souillacenjazz.fr\/new\/wp-json\/wp\/v2\/posts\/3456\/revisions\/3459"}],"wp:featuredmedia":[{"embeddable":true,"href":"https:\/\/www.souillacenjazz.fr\/new\/wp-json\/wp\/v2\/media\/3452"}],"wp:attachment":[{"href":"https:\/\/www.souillacenjazz.fr\/new\/wp-json\/wp\/v2\/media?parent=3456"}],"wp:term":[{"taxonomy":"category","embeddable":true,"href":"https:\/\/www.souillacenjazz.fr\/new\/wp-json\/wp\/v2\/categories?post=3456"},{"taxonomy":"post_tag","embeddable":true,"href":"https:\/\/www.souillacenjazz.fr\/new\/wp-json\/wp\/v2\/tags?post=3456"}],"curies":[{"name":"wp","href":"https:\/\/api.w.org\/{rel}","templated":true}]}}