{"id":335,"date":"2022-02-24T22:07:09","date_gmt":"2022-02-24T21:07:09","guid":{"rendered":"https:\/\/www.souillacenjazz.fr\/new\/?p=335"},"modified":"2023-08-23T17:37:08","modified_gmt":"2023-08-23T15:37:08","slug":"ana-carla-maza","status":"publish","type":"post","link":"https:\/\/www.souillacenjazz.fr\/new\/ana-carla-maza\/","title":{"rendered":"Ana Carla Maza"},"content":{"rendered":"\n<div class=\"wp-block-blockspare-blockspare-section-header aligncenter blockspare-1bdce41c-dbee-4 blockspare-section-header-wrapper blockspare-blocks aligncenter\"><style>.blockspare-1bdce41c-dbee-4 .blockspare-section-head-wrap{background-color:transparent;text-align:center;padding-top:10px;padding-right:20px;padding-bottom:10px;margin-top:30px;margin-bottom:30px;padding-left:20px}.blockspare-1bdce41c-dbee-4 .blockspare-section-head-wrap .blockspare-title{color:#404040;font-size:32px;font-family:Default;padding-top:5px;padding-bottom:5px}.blockspare-1bdce41c-dbee-4 .blockspare-section-head-wrap .blockspare-subtitle{color:#6d6d6d;font-size:18px;font-family:Default;padding-top:5px;padding-bottom:5px}.blockspare-1bdce41c-dbee-4 .blockspare-title-dash{color:#8b249c}@media screen and (max-width:1025px){.blockspare-1bdce41c-dbee-4 .blockspare-section-head-wrap .blockspare-title{font-size:undefinedpx}.blockspare-1bdce41c-dbee-4 .blockspare-section-head-wrap .blockspare-subtitle{font-size:undefinedpx}}@media screen and (max-width:768px){.blockspare-1bdce41c-dbee-4 .blockspare-section-head-wrap .blockspare-title{font-size:undefinedpx}.blockspare-1bdce41c-dbee-4 .blockspare-section-head-wrap .blockspare-subtitle{font-size:undefinedpx}}<\/style><div class=\"blockspare-section-head-wrap blockspare-style1 blockspare-center\"><div class=\"blockspare-title-wrapper\"><span class=\"blockspare-title-dash blockspare-upper-dash\"><\/span><h2 class=\"blockspare-title\">Ana Carla Maza<\/h2><span class=\"blockspare-title-dash blockspare-lower-dash\"><\/span><\/div><div class=\"blockspare-subtitle-wrapper\"><span class=\"blockspare-title-dash blockspare-upper-dash\"><\/span><p class=\"blockspare-subtitle\">Dimanche 17 juillet 2022 \u00e0 17h \u00e9glise de Cal\u00e8s (sous r\u00e9serve de modification)<\/p><span class=\"blockspare-title-dash blockspare-lower-dash\"><\/span><\/div><\/div><\/div>\n\n\n\n<p>Fille du c\u00e9l\u00e8bre pianiste chilien Carlos Maza (entendu \u00e0 Souillac en 1993 et 2002) et de la guitariste cubaine Mirza Sierra, la jeune violoncelliste Ana Carla Maza fait ses premiers pas sur les sc\u00e8nes havanaises d\u00e8s l&#8217;\u00e2ge de dix ans. En 2012, elle s&#8217;installe \u00e0 Paris pour suivre les classes professionnelles du conservatoire et entreprendre une carri\u00e8re en solo qui l&#8217;am\u00e8nera aux quatre coins de l&#8217;Europe en un temps record. Chanteuse et instrumentiste virtuose elle revisite avec d\u00e9licatesse les musiques traditionnelles de son enfance, de la bossa nova br\u00e9silienne \u00e0 la habanera cubaine, \u00e0 travers le prisme d&#8217;un langage musical \u00e9largi. Rythmes latins, m\u00e9lodies pop, harmonies jazz et techniques classiques se rencontrent pour cr\u00e9er un univers d&#8217;une maturit\u00e9 d\u00e9tonante model\u00e9 par une voix suave, des pizzicati percussifs et un archet a\u00e9rien. Le violoncelle avec lequel elle fait corps est un instrument des plus rares dans le jazz, son association en solo avec la voix f\u00e9minine d\u2019une musicienne rayonnante et cr\u00e9atrice est absolument unique.<\/p>\n\n\n\n<p><strong>Ana Carla Maza<\/strong>&nbsp;: violoncelle et voix.<\/p>\n\n\n\n<p><\/p>\n\n\n\n<p><strong>Discographie&nbsp;:<\/strong><\/p>\n\n\n\n<p>Bahia-2022-Persona editorial<br>La Flor \u2013 2021 &#8211; Persona editorial<\/p>\n\n\n\n<figure class=\"wp-block-embed is-type-video is-provider-youtube wp-block-embed-youtube wp-embed-aspect-16-9 wp-has-aspect-ratio\"><div class=\"wp-block-embed__wrapper\">\n<iframe loading=\"lazy\" title=\"Ana Carla Maza - Live @Culturebox L&#039;Emission - FranceTV\" width=\"640\" height=\"360\" src=\"https:\/\/www.youtube.com\/embed\/ZhhBVOCmlkc?feature=oembed\" frameborder=\"0\" allow=\"accelerometer; autoplay; clipboard-write; encrypted-media; gyroscope; picture-in-picture; web-share\" referrerpolicy=\"strict-origin-when-cross-origin\" allowfullscreen><\/iframe>\n<\/div><\/figure>\n","protected":false},"excerpt":{"rendered":"<p>Dimanche 17 juillet 2022 \u00e0 17h \u00e9glise de Cal\u00e8s (sous r\u00e9serve de modification) <\/p>\n","protected":false},"author":1,"featured_media":338,"comment_status":"closed","ping_status":"closed","sticky":false,"template":"","format":"standard","meta":{"om_disable_all_campaigns":false,"cybocfi_hide_featured_image":"","_vp_format_video_url":"","_vp_image_focal_point":[],"footnotes":""},"categories":[23,87,21],"tags":[],"class_list":["post-335","post","type-post","status-publish","format-standard","has-post-thumbnail","hentry","category-archives","category-archives-2022","category-programmation-2022"],"featured_image_urls":{"full":["https:\/\/www.souillacenjazz.fr\/new\/wp-content\/uploads\/2022\/02\/1200x680_anna-carla-maza-quartet-michel-legeay-10-scaled-1.jpg",1200,680,false],"thumbnail":["https:\/\/www.souillacenjazz.fr\/new\/wp-content\/uploads\/2022\/02\/1200x680_anna-carla-maza-quartet-michel-legeay-10-scaled-1-150x150.jpg",150,150,true],"medium":["https:\/\/www.souillacenjazz.fr\/new\/wp-content\/uploads\/2022\/02\/1200x680_anna-carla-maza-quartet-michel-legeay-10-scaled-1-300x170.jpg",300,170,true],"medium_large":["https:\/\/www.souillacenjazz.fr\/new\/wp-content\/uploads\/2022\/02\/1200x680_anna-carla-maza-quartet-michel-legeay-10-scaled-1-768x435.jpg",640,363,true],"large":["https:\/\/www.souillacenjazz.fr\/new\/wp-content\/uploads\/2022\/02\/1200x680_anna-carla-maza-quartet-michel-legeay-10-scaled-1-1024x580.jpg",640,363,true],"1536x1536":["https:\/\/www.souillacenjazz.fr\/new\/wp-content\/uploads\/2022\/02\/1200x680_anna-carla-maza-quartet-michel-legeay-10-scaled-1.jpg",1200,680,false],"2048x2048":["https:\/\/www.souillacenjazz.fr\/new\/wp-content\/uploads\/2022\/02\/1200x680_anna-carla-maza-quartet-michel-legeay-10-scaled-1.jpg",1200,680,false],"vp_sm":["https:\/\/www.souillacenjazz.fr\/new\/wp-content\/uploads\/2022\/02\/1200x680_anna-carla-maza-quartet-michel-legeay-10-scaled-1.jpg",500,283,false],"vp_md":["https:\/\/www.souillacenjazz.fr\/new\/wp-content\/uploads\/2022\/02\/1200x680_anna-carla-maza-quartet-michel-legeay-10-scaled-1.jpg",800,453,false],"vp_lg":["https:\/\/www.souillacenjazz.fr\/new\/wp-content\/uploads\/2022\/02\/1200x680_anna-carla-maza-quartet-michel-legeay-10-scaled-1.jpg",1200,680,false],"vp_xl":["https:\/\/www.souillacenjazz.fr\/new\/wp-content\/uploads\/2022\/02\/1200x680_anna-carla-maza-quartet-michel-legeay-10-scaled-1.jpg",1200,680,false],"vp_sm_popup":["https:\/\/www.souillacenjazz.fr\/new\/wp-content\/uploads\/2022\/02\/1200x680_anna-carla-maza-quartet-michel-legeay-10-scaled-1.jpg",500,283,false],"vp_md_popup":["https:\/\/www.souillacenjazz.fr\/new\/wp-content\/uploads\/2022\/02\/1200x680_anna-carla-maza-quartet-michel-legeay-10-scaled-1.jpg",800,453,false],"vp_xl_popup":["https:\/\/www.souillacenjazz.fr\/new\/wp-content\/uploads\/2022\/02\/1200x680_anna-carla-maza-quartet-michel-legeay-10-scaled-1.jpg",1200,680,false],"morenews-featured":["https:\/\/www.souillacenjazz.fr\/new\/wp-content\/uploads\/2022\/02\/1200x680_anna-carla-maza-quartet-michel-legeay-10-scaled-1-1024x580.jpg",1024,580,true],"morenews-large":["https:\/\/www.souillacenjazz.fr\/new\/wp-content\/uploads\/2022\/02\/1200x680_anna-carla-maza-quartet-michel-legeay-10-scaled-1-825x575.jpg",825,575,true],"morenews-medium":["https:\/\/www.souillacenjazz.fr\/new\/wp-content\/uploads\/2022\/02\/1200x680_anna-carla-maza-quartet-michel-legeay-10-scaled-1-590x410.jpg",590,410,true]},"author_info":{"display_name":"Souillac en Jazz","author_link":"https:\/\/www.souillacenjazz.fr\/new\/author\/acide\/"},"category_info":"<a href=\"https:\/\/www.souillacenjazz.fr\/new\/category\/archives\/\" rel=\"category tag\">Archives<\/a> <a href=\"https:\/\/www.souillacenjazz.fr\/new\/category\/archives\/archives-2022\/\" rel=\"category tag\">Archives 2022<\/a> <a href=\"https:\/\/www.souillacenjazz.fr\/new\/category\/programmation-2022\/\" rel=\"category tag\">Programmation 2022<\/a>","tag_info":"Programmation 2022","comment_count":"0","_links":{"self":[{"href":"https:\/\/www.souillacenjazz.fr\/new\/wp-json\/wp\/v2\/posts\/335","targetHints":{"allow":["GET"]}}],"collection":[{"href":"https:\/\/www.souillacenjazz.fr\/new\/wp-json\/wp\/v2\/posts"}],"about":[{"href":"https:\/\/www.souillacenjazz.fr\/new\/wp-json\/wp\/v2\/types\/post"}],"author":[{"embeddable":true,"href":"https:\/\/www.souillacenjazz.fr\/new\/wp-json\/wp\/v2\/users\/1"}],"replies":[{"embeddable":true,"href":"https:\/\/www.souillacenjazz.fr\/new\/wp-json\/wp\/v2\/comments?post=335"}],"version-history":[{"count":10,"href":"https:\/\/www.souillacenjazz.fr\/new\/wp-json\/wp\/v2\/posts\/335\/revisions"}],"predecessor-version":[{"id":3063,"href":"https:\/\/www.souillacenjazz.fr\/new\/wp-json\/wp\/v2\/posts\/335\/revisions\/3063"}],"wp:featuredmedia":[{"embeddable":true,"href":"https:\/\/www.souillacenjazz.fr\/new\/wp-json\/wp\/v2\/media\/338"}],"wp:attachment":[{"href":"https:\/\/www.souillacenjazz.fr\/new\/wp-json\/wp\/v2\/media?parent=335"}],"wp:term":[{"taxonomy":"category","embeddable":true,"href":"https:\/\/www.souillacenjazz.fr\/new\/wp-json\/wp\/v2\/categories?post=335"},{"taxonomy":"post_tag","embeddable":true,"href":"https:\/\/www.souillacenjazz.fr\/new\/wp-json\/wp\/v2\/tags?post=335"}],"curies":[{"name":"wp","href":"https:\/\/api.w.org\/{rel}","templated":true}]}}