{"id":3341,"date":"2023-02-05T15:01:15","date_gmt":"2023-02-05T14:01:15","guid":{"rendered":"https:\/\/www.souillacenjazz.fr\/new\/?p=3341"},"modified":"2024-09-30T20:52:17","modified_gmt":"2024-09-30T18:52:17","slug":"tradescantia","status":"publish","type":"post","link":"https:\/\/www.souillacenjazz.fr\/new\/tradescantia\/","title":{"rendered":"Tradescantia"},"content":{"rendered":"\n<p class=\"has-medium-font-size\"><strong><em>Tradescantia <\/em><\/strong>est la r\u00e9union de quatre musiciens exp\u00e9riment\u00e9s. Ils ont choisi de faire vivre la rencontre du &#8220;classique&#8221; et du &#8220;jazz&#8221;.<br>Ils proposent un spectacle cousu d&#8217;un fil rouge narratif, qui permet d&#8217;entrer en profondeur dans ces deux courants de la musique et leur rencontre.<\/p>\n\n\n\n<p>Bernadette Dobos : violoncelle<br>Antoine Millet : piano<br>St\u00e9phane Picard : batterie<br>Patrick Puech : contrebasse<\/p>\n\n\n\n<p>Vincent Grass : narration<\/p>\n\n\n\n<p>Plein Tarif : 16 \u20ac<br>Tarif R\u00e9duit : 12 \u20ac<\/p>\n","protected":false},"excerpt":{"rendered":"<p>Dimanche 19 mars 2023 \u00e0 17h au Palais des Congr\u00e8s de Souillac<\/p>\n","protected":false},"author":2,"featured_media":3342,"comment_status":"closed","ping_status":"closed","sticky":false,"template":"","format":"standard","meta":{"om_disable_all_campaigns":false,"cybocfi_hide_featured_image":"","_vp_format_video_url":"","_vp_image_focal_point":[],"footnotes":""},"categories":[88],"tags":[],"class_list":["post-3341","post","type-post","status-publish","format-standard","has-post-thumbnail","hentry","category-archives-2023"],"featured_image_urls":{"full":["https:\/\/www.souillacenjazz.fr\/new\/wp-content\/uploads\/2023\/02\/tradescantia.jpg",886,582,false],"thumbnail":["https:\/\/www.souillacenjazz.fr\/new\/wp-content\/uploads\/2023\/02\/tradescantia-150x150.jpg",150,150,true],"medium":["https:\/\/www.souillacenjazz.fr\/new\/wp-content\/uploads\/2023\/02\/tradescantia-300x197.jpg",300,197,true],"medium_large":["https:\/\/www.souillacenjazz.fr\/new\/wp-content\/uploads\/2023\/02\/tradescantia-768x504.jpg",640,420,true],"large":["https:\/\/www.souillacenjazz.fr\/new\/wp-content\/uploads\/2023\/02\/tradescantia.jpg",640,420,false],"1536x1536":["https:\/\/www.souillacenjazz.fr\/new\/wp-content\/uploads\/2023\/02\/tradescantia.jpg",886,582,false],"2048x2048":["https:\/\/www.souillacenjazz.fr\/new\/wp-content\/uploads\/2023\/02\/tradescantia.jpg",886,582,false],"vp_sm":["https:\/\/www.souillacenjazz.fr\/new\/wp-content\/uploads\/2023\/02\/tradescantia-500x328.jpg",500,328,true],"vp_md":["https:\/\/www.souillacenjazz.fr\/new\/wp-content\/uploads\/2023\/02\/tradescantia-800x526.jpg",800,526,true],"vp_lg":["https:\/\/www.souillacenjazz.fr\/new\/wp-content\/uploads\/2023\/02\/tradescantia.jpg",886,582,false],"vp_xl":["https:\/\/www.souillacenjazz.fr\/new\/wp-content\/uploads\/2023\/02\/tradescantia.jpg",886,582,false],"vp_sm_popup":["https:\/\/www.souillacenjazz.fr\/new\/wp-content\/uploads\/2023\/02\/tradescantia-500x328.jpg",500,328,true],"vp_md_popup":["https:\/\/www.souillacenjazz.fr\/new\/wp-content\/uploads\/2023\/02\/tradescantia-800x526.jpg",800,526,true],"vp_xl_popup":["https:\/\/www.souillacenjazz.fr\/new\/wp-content\/uploads\/2023\/02\/tradescantia.jpg",886,582,false],"morenews-featured":["https:\/\/www.souillacenjazz.fr\/new\/wp-content\/uploads\/2023\/02\/tradescantia.jpg",886,582,false],"morenews-large":["https:\/\/www.souillacenjazz.fr\/new\/wp-content\/uploads\/2023\/02\/tradescantia-825x575.jpg",825,575,true],"morenews-medium":["https:\/\/www.souillacenjazz.fr\/new\/wp-content\/uploads\/2023\/02\/tradescantia-590x410.jpg",590,410,true]},"author_info":{"display_name":"Yves Reygner","author_link":"https:\/\/www.souillacenjazz.fr\/new\/author\/yves\/"},"category_info":"<a href=\"https:\/\/www.souillacenjazz.fr\/new\/category\/archives\/archives-2023\/\" rel=\"category tag\">Archives 2023<\/a>","tag_info":"Archives 2023","comment_count":"0","_links":{"self":[{"href":"https:\/\/www.souillacenjazz.fr\/new\/wp-json\/wp\/v2\/posts\/3341","targetHints":{"allow":["GET"]}}],"collection":[{"href":"https:\/\/www.souillacenjazz.fr\/new\/wp-json\/wp\/v2\/posts"}],"about":[{"href":"https:\/\/www.souillacenjazz.fr\/new\/wp-json\/wp\/v2\/types\/post"}],"author":[{"embeddable":true,"href":"https:\/\/www.souillacenjazz.fr\/new\/wp-json\/wp\/v2\/users\/2"}],"replies":[{"embeddable":true,"href":"https:\/\/www.souillacenjazz.fr\/new\/wp-json\/wp\/v2\/comments?post=3341"}],"version-history":[{"count":3,"href":"https:\/\/www.souillacenjazz.fr\/new\/wp-json\/wp\/v2\/posts\/3341\/revisions"}],"predecessor-version":[{"id":3346,"href":"https:\/\/www.souillacenjazz.fr\/new\/wp-json\/wp\/v2\/posts\/3341\/revisions\/3346"}],"wp:featuredmedia":[{"embeddable":true,"href":"https:\/\/www.souillacenjazz.fr\/new\/wp-json\/wp\/v2\/media\/3342"}],"wp:attachment":[{"href":"https:\/\/www.souillacenjazz.fr\/new\/wp-json\/wp\/v2\/media?parent=3341"}],"wp:term":[{"taxonomy":"category","embeddable":true,"href":"https:\/\/www.souillacenjazz.fr\/new\/wp-json\/wp\/v2\/categories?post=3341"},{"taxonomy":"post_tag","embeddable":true,"href":"https:\/\/www.souillacenjazz.fr\/new\/wp-json\/wp\/v2\/tags?post=3341"}],"curies":[{"name":"wp","href":"https:\/\/api.w.org\/{rel}","templated":true}]}}