{"id":2317,"date":"2022-04-14T11:22:15","date_gmt":"2022-04-14T09:22:15","guid":{"rendered":"https:\/\/www.souillacenjazz.fr\/new\/?p=2317"},"modified":"2024-09-30T20:52:57","modified_gmt":"2024-09-30T18:52:57","slug":"chloe-cailleton-leila-olivesi-duo","status":"publish","type":"post","link":"https:\/\/www.souillacenjazz.fr\/new\/chloe-cailleton-leila-olivesi-duo\/","title":{"rendered":"Chlo\u00e9 Cailleton \/ Le\u00efla Olivesi Duo"},"content":{"rendered":"\n<p>Ce duo piano-chant suscite des \u00e9motions musicales et po\u00e9tiques intenses. La pianiste et compositrice Le\u00efla Olivesi (Prix Ellington Composers) a cr\u00e9\u00e9 un univers unique et chatoyant qui traverse New-York, les chansons intemporelles de Broadway, les d\u00e9serts africains et la mer Andaman entre l\u2019Inde et la Tha\u00eflande.<\/p>\n\n\n\n<p><a href=\"https:\/\/theatredelusine-saintcere.com\/spectacles\/868\/chloe-cailleton-leila-olivesi-duo\/\" target=\"_blank\" rel=\"noreferrer noopener\">En savoir plus<\/a><\/p>\n","protected":false},"excerpt":{"rendered":"<p>Samedi 14 mai \u00e0 20h30 salle du Bellay \u00e0 Souillac<\/p>\n","protected":false},"author":2,"featured_media":2318,"comment_status":"closed","ping_status":"closed","sticky":false,"template":"","format":"standard","meta":{"om_disable_all_campaigns":false,"cybocfi_hide_featured_image":"","_vp_format_video_url":"","_vp_image_focal_point":[],"footnotes":""},"categories":[87],"tags":[],"class_list":["post-2317","post","type-post","status-publish","format-standard","has-post-thumbnail","hentry","category-archives-2022"],"featured_image_urls":{"full":["https:\/\/www.souillacenjazz.fr\/new\/wp-content\/uploads\/2022\/04\/cailleton-olivesi.jpg",870,320,false],"thumbnail":["https:\/\/www.souillacenjazz.fr\/new\/wp-content\/uploads\/2022\/04\/cailleton-olivesi-150x150.jpg",150,150,true],"medium":["https:\/\/www.souillacenjazz.fr\/new\/wp-content\/uploads\/2022\/04\/cailleton-olivesi-300x110.jpg",300,110,true],"medium_large":["https:\/\/www.souillacenjazz.fr\/new\/wp-content\/uploads\/2022\/04\/cailleton-olivesi-768x282.jpg",640,235,true],"large":["https:\/\/www.souillacenjazz.fr\/new\/wp-content\/uploads\/2022\/04\/cailleton-olivesi.jpg",640,235,false],"1536x1536":["https:\/\/www.souillacenjazz.fr\/new\/wp-content\/uploads\/2022\/04\/cailleton-olivesi.jpg",870,320,false],"2048x2048":["https:\/\/www.souillacenjazz.fr\/new\/wp-content\/uploads\/2022\/04\/cailleton-olivesi.jpg",870,320,false],"vp_sm":["https:\/\/www.souillacenjazz.fr\/new\/wp-content\/uploads\/2022\/04\/cailleton-olivesi-500x184.jpg",500,184,true],"vp_md":["https:\/\/www.souillacenjazz.fr\/new\/wp-content\/uploads\/2022\/04\/cailleton-olivesi-800x294.jpg",800,294,true],"vp_lg":["https:\/\/www.souillacenjazz.fr\/new\/wp-content\/uploads\/2022\/04\/cailleton-olivesi.jpg",870,320,false],"vp_xl":["https:\/\/www.souillacenjazz.fr\/new\/wp-content\/uploads\/2022\/04\/cailleton-olivesi.jpg",870,320,false],"vp_sm_popup":["https:\/\/www.souillacenjazz.fr\/new\/wp-content\/uploads\/2022\/04\/cailleton-olivesi-500x184.jpg",500,184,true],"vp_md_popup":["https:\/\/www.souillacenjazz.fr\/new\/wp-content\/uploads\/2022\/04\/cailleton-olivesi-800x294.jpg",800,294,true],"vp_xl_popup":["https:\/\/www.souillacenjazz.fr\/new\/wp-content\/uploads\/2022\/04\/cailleton-olivesi.jpg",870,320,false],"morenews-featured":["https:\/\/www.souillacenjazz.fr\/new\/wp-content\/uploads\/2022\/04\/cailleton-olivesi.jpg",870,320,false],"morenews-large":["https:\/\/www.souillacenjazz.fr\/new\/wp-content\/uploads\/2022\/04\/cailleton-olivesi-825x320.jpg",825,320,true],"morenews-medium":["https:\/\/www.souillacenjazz.fr\/new\/wp-content\/uploads\/2022\/04\/cailleton-olivesi-590x320.jpg",590,320,true]},"author_info":{"display_name":"Yves Reygner","author_link":"https:\/\/www.souillacenjazz.fr\/new\/author\/yves\/"},"category_info":"<a href=\"https:\/\/www.souillacenjazz.fr\/new\/category\/archives\/archives-2022\/\" rel=\"category tag\">Archives 2022<\/a>","tag_info":"Archives 2022","comment_count":"0","_links":{"self":[{"href":"https:\/\/www.souillacenjazz.fr\/new\/wp-json\/wp\/v2\/posts\/2317","targetHints":{"allow":["GET"]}}],"collection":[{"href":"https:\/\/www.souillacenjazz.fr\/new\/wp-json\/wp\/v2\/posts"}],"about":[{"href":"https:\/\/www.souillacenjazz.fr\/new\/wp-json\/wp\/v2\/types\/post"}],"author":[{"embeddable":true,"href":"https:\/\/www.souillacenjazz.fr\/new\/wp-json\/wp\/v2\/users\/2"}],"replies":[{"embeddable":true,"href":"https:\/\/www.souillacenjazz.fr\/new\/wp-json\/wp\/v2\/comments?post=2317"}],"version-history":[{"count":2,"href":"https:\/\/www.souillacenjazz.fr\/new\/wp-json\/wp\/v2\/posts\/2317\/revisions"}],"predecessor-version":[{"id":2320,"href":"https:\/\/www.souillacenjazz.fr\/new\/wp-json\/wp\/v2\/posts\/2317\/revisions\/2320"}],"wp:featuredmedia":[{"embeddable":true,"href":"https:\/\/www.souillacenjazz.fr\/new\/wp-json\/wp\/v2\/media\/2318"}],"wp:attachment":[{"href":"https:\/\/www.souillacenjazz.fr\/new\/wp-json\/wp\/v2\/media?parent=2317"}],"wp:term":[{"taxonomy":"category","embeddable":true,"href":"https:\/\/www.souillacenjazz.fr\/new\/wp-json\/wp\/v2\/categories?post=2317"},{"taxonomy":"post_tag","embeddable":true,"href":"https:\/\/www.souillacenjazz.fr\/new\/wp-json\/wp\/v2\/tags?post=2317"}],"curies":[{"name":"wp","href":"https:\/\/api.w.org\/{rel}","templated":true}]}}